{"id":246319,"date":"2026-08-07T06:00:12","date_gmt":"2026-08-07T06:00:12","guid":{"rendered":"https:\/\/www.europesays.com\/ee\/246319\/"},"modified":"2026-08-07T06:00:12","modified_gmt":"2026-08-07T06:00:12","slug":"madridi-real-tegi-suurostu-ja-pikendas-rundetahega-lepingut-jalgpall","status":"publish","type":"post","link":"https:\/\/www.europesays.com\/ee\/246319\/","title":{"rendered":"Madridi Real tegi suurostu ja pikendas r\u00fcndet\u00e4hega lepingut | Jalgpall"},"content":{"rendered":"<p>Madridi Reali jalgpalliklubi tegi neljap\u00e4eval kaks olulist tehingut, kui k\u00e4is Elevandiluuranniku \u00e4\u00e4rer\u00fcndaja Yan Diomande eest v\u00e4lja 125 miljonit eurot ning pikendas brasiillasest \u00e4\u00e4rer\u00fcndaja Vinicius Juniori lepingut 2032. aastani.<\/p>\n<p>19-aastane Diomande siirdus eelmise aasta suvel Reali liigakaaslase Levante ridadest Saksamaale RB Leipzigisse ning tegi seal tugeva hooaja, kui l\u00f5i 33 m\u00e4nguga 12 v\u00e4ravat ning tegi eelt\u00f6\u00f6d \u00fcheksale tabamusele. Ta valiti Bundesliga hooaja parimaks noorm\u00e4ngijaks ning suvel sai temast Elevandiluuranniku koondise ajaloo noorim m\u00e4ngija, kes MM-il v\u00e4ljakule saanud.<\/p>\n<p>Real k\u00e4is Diomande eest v\u00e4lja 125 miljonit eurot, kuid erinevate boonuste abil v\u00f5ib \u00fcleminekusumma kasvada kuni 140 miljoni euroni. Ta s\u00f5lmis Realiga seitsme aasta pikkuse lepingu.<\/p>\n<p>&#8220;Realiga liitumine on nagu lapsep\u00f5lveunistuse t\u00e4itumine. Olen t\u00e4nulik RB Leipzigi juhtkonnale, et nad tegid selle \u00fclemineku v\u00f5imalikuks,&#8221; kommenteeris Diomande.<\/p>\n<p>Elevandiluuranniku \u00e4\u00e4rer\u00fcndaja on Reali kuues t\u00e4iendus suvises \u00fcleminekuaknas. Klubi on palganud veel kaitsjad Ibrahima Konate, Denzel Dumfriese ja Marc Cucurella, poolkaitsja Bernardo Silva ja r\u00fcndaja Carlos Espi.<\/p>\n<p>Real j\u00f5udis \u00fchtlasi kokkuleppeni Vinicius Junioriga, kes s\u00f5lmis uue, kuue aasta pikkuse lepingu. 26-aastase brasiillase senine leping oleks l\u00f5ppenud j\u00e4rgmise aasta suvel ning Inglismaa meedia s\u00f5nul oli Londoni Arsenal valmis tema palkamiseks rahakotirauad lahti l\u00f6\u00f6ma.<\/p>\n<p>Vinicius Junior on Reali k\u00f5ikide sarjade peale esindanud 375 m\u00e4ngus ja l\u00f6\u00f6nud 128 v\u00e4ravat. Ta on aidanud klubil v\u00f5ita kolm Hispaania meistritiitlit ja kahel korral Meistrite liiga.<\/p>\n<blockquote class=\"twitter-tweet\">\n<p lang=\"ht\" dir=\"ltr\">Vini Jr. 2\ufe0f\u20e30\ufe0f\u20e33\ufe0f\u20e32\ufe0f\u20e3<a href=\"https:\/\/x.com\/vinijr?ref_src=twsrc%5Etfw\" rel=\"nofollow\">@ViniJr<\/a> <a href=\"https:\/\/t.co\/q9qZA9vYFB\" rel=\"nofollow\">pic.twitter.com\/q9qZA9vYFB<\/a><\/p>\n<p>\u2014 Real Madrid C.F.  (@realmadriden) <a href=\"https:\/\/x.com\/realmadriden\/status\/2085429002223686071?ref_src=twsrc%5Etfw\" rel=\"nofollow\">August 6, 2026<\/a><\/p><\/blockquote>\n<p><script async src=\"https:\/\/platform.twitter.com\/widgets.js\" charset=\"utf-8\"><\/script><\/p>\n","protected":false},"excerpt":{"rendered":"Madridi Reali jalgpalliklubi tegi neljap\u00e4eval kaks olulist tehingut, kui k\u00e4is Elevandiluuranniku \u00e4\u00e4rer\u00fcndaja Yan Diomande eest v\u00e4lja 125 miljonit&hellip;\n","protected":false},"author":2,"featured_media":246320,"comment_status":"","ping_status":"","sticky":false,"template":"","format":"standard","meta":{"footnotes":"","_share_on_mastodon":"0"},"categories":[18],"tags":[37,33,35,34,36,3196,159,158,15154,53517],"class_list":["post-246319","post","type-post","status-publish","format-standard","has-post-thumbnail","category-sport","tag-ee","tag-eesti","tag-eesti-keel","tag-estonia","tag-estonian","tag-madridi-real","tag-sport","tag-sports","tag-vinicius-junior","tag-yan-diomande"],"share_on_mastodon":{"url":"https:\/\/pubeurope.com\/@ee\/117052704236451976","error":""},"_links":{"self":[{"href":"https:\/\/www.europesays.com\/ee\/wp-json\/wp\/v2\/posts\/246319","targetHints":{"allow":["GET"]}}],"collection":[{"href":"https:\/\/www.europesays.com\/ee\/wp-json\/wp\/v2\/posts"}],"about":[{"href":"https:\/\/www.europesays.com\/ee\/wp-json\/wp\/v2\/types\/post"}],"author":[{"embeddable":true,"href":"https:\/\/www.europesays.com\/ee\/wp-json\/wp\/v2\/users\/2"}],"replies":[{"embeddable":true,"href":"https:\/\/www.europesays.com\/ee\/wp-json\/wp\/v2\/comments?post=246319"}],"version-history":[{"count":0,"href":"https:\/\/www.europesays.com\/ee\/wp-json\/wp\/v2\/posts\/246319\/revisions"}],"wp:featuredmedia":[{"embeddable":true,"href":"https:\/\/www.europesays.com\/ee\/wp-json\/wp\/v2\/media\/246320"}],"wp:attachment":[{"href":"https:\/\/www.europesays.com\/ee\/wp-json\/wp\/v2\/media?parent=246319"}],"wp:term":[{"taxonomy":"category","embeddable":true,"href":"https:\/\/www.europesays.com\/ee\/wp-json\/wp\/v2\/categories?post=246319"},{"taxonomy":"post_tag","embeddable":true,"href":"https:\/\/www.europesays.com\/ee\/wp-json\/wp\/v2\/tags?post=246319"}],"curies":[{"name":"wp","href":"https:\/\/api.w.org\/{rel}","templated":true}]}}