{"id":246383,"date":"2026-08-07T07:13:07","date_gmt":"2026-08-07T07:13:07","guid":{"rendered":"https:\/\/www.europesays.com\/ee\/246383\/"},"modified":"2026-08-07T07:13:07","modified_gmt":"2026-08-07T07:13:07","slug":"mia-mireia-uusorg-voitis-juunioride-mmil-hobemedali-kartsin-vahepeal-et-koik-on-kadunud","status":"publish","type":"post","link":"https:\/\/www.europesays.com\/ee\/246383\/","title":{"rendered":"Mia Mireia Uusorg v\u00f5itis juunioride MMil h\u00f5bemedali: kartsin vahepeal, et k\u00f5ik on kadunud"},"content":{"rendered":"<p class=\"PDq2pG_selectionAnchorContainer\">Uusorg kogus seitsme alaga 5961 punkti ning pidi tunnistama vaid soomlanna Enni Virjoneni paremust. Virjonen krooniti maailmameistriks 6214 punktiga ning pronksmedali teenis \u0161veitslanna Anna Pfister 5850 punktiga.<\/p>\n<p>Eestlanna tegi tugeva ja stabiilse v\u00f5istluse ning p\u00fcstitas koguni kolm isiklikku rekordit. Uued tippmargid s\u00fcndisid 100 meetri t\u00f5kkejooksus, kuulit\u00f5ukes ja 800 meetri jooksus.<\/p>\n<p>Uusorg alustas v\u00f5istlust 100 meetri t\u00f5kkejooksu ajaga 13,71, \u00fcletas k\u00f5rgush\u00fcppes 1.63 meetrit ning t\u00f5ukas kuuli 11.33 meetrit. Avap\u00e4eva l\u00f5petas ta 200 meetri jooksuga, kus sai kirja aja 24,27.<\/p>\n<p>Teisel p\u00e4eval h\u00fcppas eestlanna kaugust 6.23 meetrit, viskas oda 45.30 meetrit ning l\u00f5petas seitsmev\u00f5istluse 800 meetri jooksu ajaga 2.13,90. Just odaviskes, 200 meetri jooksus ja 800 meetri distantsil saavutas Uusorg kogu v\u00f5istluse teise tulemuse.<\/p>\n<p class=\"PDq2pG_selectionAnchorContainer\">Uusorg tunnistas p\u00e4rast v\u00f5istlust, et seitsmev\u00f5istlus ei kulgenud t\u00e4ielikult tema plaani j\u00e4rgi. Eriti keeruline hetk saabus k\u00f5rgush\u00fcppes, kus eestlanna j\u00e4i tulemusega 1.63 meetrit enda tavap\u00e4rasest tasemest tagasi. \u00abK\u00f5ik on praegu t\u00e4iesti laes. Ma kartsin vahepeal, et k\u00f5ik on kadunud, aga tulin siia selle ootuse ja lootusega, et teen ise enda asjad \u00e4ra,\u00bb r\u00e4\u00e4kis ta p\u00e4rast medaliv\u00f5itu. \u00abNii plaanip\u00e4raselt ei l\u00e4inud, aga l\u00f5puks m\u00e4ngisid k\u00f5ik kaardid minu kasuks.\u00bb<\/p>\n<p>Uusorg t\u00f5i eraldi v\u00e4lja kuulit\u00f5uke, kus suutis n\u00e4idata varasema t\u00f6\u00f6 tulemusi, ning 800 meetri jooksu, kus s\u00fcndis isiklik rekord. \u00abKindlasti olen rahul kuulit\u00f5ukega. Olen seal v\u00e4ga palju t\u00f6\u00f6d teinud. K\u00f5rgus oli sellel v\u00f5istlusel alla igasuguse arvestuse, aga vahest on nii,\u00bb s\u00f5nas ta.<\/p>\n","protected":false},"excerpt":{"rendered":"Uusorg kogus seitsme alaga 5961 punkti ning pidi tunnistama vaid soomlanna Enni Virjoneni paremust. Virjonen krooniti maailmameistriks 6214&hellip;\n","protected":false},"author":2,"featured_media":246384,"comment_status":"","ping_status":"","sticky":false,"template":"","format":"standard","meta":{"footnotes":"","_share_on_mastodon":"0"},"categories":[5],"tags":[97299,82274,26,27,37,33,35,66785,5289,97298,34,36,31,32,21,28,29,44747,19,5169,25,4472,23,24,97300,22,20,30],"class_list":["post-246383","post","type-post","status-publish","format-standard","has-post-thumbnail","category-uldised-uudised","tag-anna-pfister","tag-annika-polluaas","tag-breaking-news","tag-breakingnews","tag-ee","tag-eesti","tag-eesti-keel","tag-eesti-kergejoustik","tag-eesti-koondis","tag-enni-virjonen","tag-estonia","tag-estonian","tag-featured-news","tag-featurednews","tag-headlines","tag-latest-news","tag-latestnews","tag-mia-mireia-uusorg","tag-news","tag-oregon","tag-populaarseimad-lood","tag-seitsmevoistlus","tag-top-stories","tag-topstories","tag-u20-maailmameistrivoistlused-kergejoustikus","tag-uldised-uudised","tag-uudised","tag-viimased-uudised"],"share_on_mastodon":{"url":"https:\/\/pubeurope.com\/@ee\/117052991279747683","error":""},"_links":{"self":[{"href":"https:\/\/www.europesays.com\/ee\/wp-json\/wp\/v2\/posts\/246383","targetHints":{"allow":["GET"]}}],"collection":[{"href":"https:\/\/www.europesays.com\/ee\/wp-json\/wp\/v2\/posts"}],"about":[{"href":"https:\/\/www.europesays.com\/ee\/wp-json\/wp\/v2\/types\/post"}],"author":[{"embeddable":true,"href":"https:\/\/www.europesays.com\/ee\/wp-json\/wp\/v2\/users\/2"}],"replies":[{"embeddable":true,"href":"https:\/\/www.europesays.com\/ee\/wp-json\/wp\/v2\/comments?post=246383"}],"version-history":[{"count":0,"href":"https:\/\/www.europesays.com\/ee\/wp-json\/wp\/v2\/posts\/246383\/revisions"}],"wp:featuredmedia":[{"embeddable":true,"href":"https:\/\/www.europesays.com\/ee\/wp-json\/wp\/v2\/media\/246384"}],"wp:attachment":[{"href":"https:\/\/www.europesays.com\/ee\/wp-json\/wp\/v2\/media?parent=246383"}],"wp:term":[{"taxonomy":"category","embeddable":true,"href":"https:\/\/www.europesays.com\/ee\/wp-json\/wp\/v2\/categories?post=246383"},{"taxonomy":"post_tag","embeddable":true,"href":"https:\/\/www.europesays.com\/ee\/wp-json\/wp\/v2\/tags?post=246383"}],"curies":[{"name":"wp","href":"https:\/\/api.w.org\/{rel}","templated":true}]}}