{"id":246391,"date":"2026-08-07T07:24:10","date_gmt":"2026-08-07T07:24:10","guid":{"rendered":"https:\/\/www.europesays.com\/ee\/246391\/"},"modified":"2026-08-07T07:24:10","modified_gmt":"2026-08-07T07:24:10","slug":"u18-kasipallikoondis-roomere-uheksa-varavat-ei-paastnud-eestit-napist-kaotusest","status":"publish","type":"post","link":"https:\/\/www.europesays.com\/ee\/246391\/","title":{"rendered":"U18 k\u00e4sipallikoondis: Roomere \u00fcheksa v\u00e4ravat ei p\u00e4\u00e4stnud Eestit napist kaotusest"},"content":{"rendered":"<p class=\"PDq2pG_selectionAnchorContainer\">Henri Sillaste, Heldur Sepa ja Marko Koksi juhendatav Eesti koondis oli enne kohtumist kaotanud nii Hollandile kui ka Luksemburgile. Kreeka saabus v\u00e4ljakule aga kahe v\u00f5iduga ning kuulus seet\u00f5ttu alagrupi favoriitide hulka.<\/p>\n<p>Kohtumise algus kujunes eestlaste jaoks keeruliseks. Sarnaselt varasematele m\u00e4ngudele ei saadud r\u00fcnnakul kohe hoogu \u00fcles ning esimese poolaja keskel oldi taga 3:7. Poolaja l\u00f5puks suutis Eesti siiski vahet v\u00e4hendada, kui Timo Roomere vedamisel tehti tugev l\u00f5puspurt. Roomere viskas avapoolaja l\u00f5pus kolm j\u00e4rjestikust v\u00e4ravat ning vaheajale mindi Kreeka 13:10 eduseisus.<\/p>\n<p class=\"PDq2pG_selectionAnchorContainer\">Teise poolaja alguses haaras Kreeka taas initsiatiivi. Vastaste \u00fche liidri Karanikolopoulose tabamused kasvatasid 47. minutiks edu kuuele v\u00e4ravale seisule 20:14 ning Eesti v\u00f5imalused n\u00e4isid v\u00e4henevat. J\u00e4rgmise kaheksa minuti jooksul tehti muljetavaldav 6:1 vahespurt ning j\u00f5uti vastastest vaid \u00fche tabamuse kaugusele. Viimased minutid kujunesid pingeliseks heitluseks, kuid t\u00e4ielikku p\u00f6\u00f6ret Eesti siiski teha ei suutnud ning Kreeka hoidis napi edu l\u00f5puni.<\/p>\n<p>\u00abT\u00e4na oli m\u00e4ngus rohkem emotsiooni ja v\u00f5itlust. R\u00fcnnakul suutsime paremini oma olukorrad \u00e4ra realiseerida. Kaitses seisime mees-mehe k\u00f5rval ning aitasime teineteist. Kokkuv\u00f5ttes, vaadates Kreeka eelnevaid tulemusi, v\u00f5ib \u00f6elda, et tegime t\u00e4na senise parima esituse,\u00bb s\u00f5nas kohtumise j\u00e4rel Roomere.<\/p>\n<p>M\u00e4ngu parimaks valitud Roomere oli Eesti resultatiivseim m\u00e4ngija, visates k\u00fcmnest pealeviskest \u00fcheksa v\u00e4ravat. Kaks tabamust lisasid Sander Slivin, Joseph Laaniste, Karl Sebastian Aamer ja Gregor Jaanus.<\/p>\n<p>Alagrupiturniiri l\u00f5petas Eesti neljanda kohaga ning j\u00e4tkab n\u00fc\u00fcd v\u00f5istlust kohtadele 5.\u20138. J\u00e4rgmises kohtumises minnakse laup\u00e4eval vastamisi L\u00e4tiga.<\/p>\n","protected":false},"excerpt":{"rendered":"Henri Sillaste, Heldur Sepa ja Marko Koksi juhendatav Eesti koondis oli enne kohtumist kaotanud nii Hollandile kui ka&hellip;\n","protected":false},"author":2,"featured_media":246392,"comment_status":"","ping_status":"","sticky":false,"template":"","format":"standard","meta":{"footnotes":"","_share_on_mastodon":"0"},"categories":[5],"tags":[26,27,37,33,35,92017,97305,34,36,31,32,21,97308,13161,97306,28,29,97309,10532,19,97310,10398,25,97311,93108,97307,23,24,22,20,30],"class_list":["post-246391","post","type-post","status-publish","format-standard","has-post-thumbnail","category-uldised-uudised","tag-breaking-news","tag-breakingnews","tag-ee","tag-eesti","tag-eesti-keel","tag-eesti-u18-kasipallikoondis","tag-ehf-championship-i","tag-estonia","tag-estonian","tag-featured-news","tag-featurednews","tag-headlines","tag-heldur-seppa","tag-henri-sillaste","tag-kreeka-u18-kasipallikoondis","tag-latest-news","tag-latestnews","tag-lati-u18-kasipallikoondis","tag-marko-koks","tag-news","tag-noorte-kasipall","tag-pohja-makedoonia","tag-populaarseimad-lood","tag-rahvusvahelised-noorteturniirid","tag-skopje","tag-timo-roomere","tag-top-stories","tag-topstories","tag-uldised-uudised","tag-uudised","tag-viimased-uudised"],"share_on_mastodon":{"url":"","error":"Validation failed: Text character limit of 500 exceeded"},"_links":{"self":[{"href":"https:\/\/www.europesays.com\/ee\/wp-json\/wp\/v2\/posts\/246391","targetHints":{"allow":["GET"]}}],"collection":[{"href":"https:\/\/www.europesays.com\/ee\/wp-json\/wp\/v2\/posts"}],"about":[{"href":"https:\/\/www.europesays.com\/ee\/wp-json\/wp\/v2\/types\/post"}],"author":[{"embeddable":true,"href":"https:\/\/www.europesays.com\/ee\/wp-json\/wp\/v2\/users\/2"}],"replies":[{"embeddable":true,"href":"https:\/\/www.europesays.com\/ee\/wp-json\/wp\/v2\/comments?post=246391"}],"version-history":[{"count":0,"href":"https:\/\/www.europesays.com\/ee\/wp-json\/wp\/v2\/posts\/246391\/revisions"}],"wp:featuredmedia":[{"embeddable":true,"href":"https:\/\/www.europesays.com\/ee\/wp-json\/wp\/v2\/media\/246392"}],"wp:attachment":[{"href":"https:\/\/www.europesays.com\/ee\/wp-json\/wp\/v2\/media?parent=246391"}],"wp:term":[{"taxonomy":"category","embeddable":true,"href":"https:\/\/www.europesays.com\/ee\/wp-json\/wp\/v2\/categories?post=246391"},{"taxonomy":"post_tag","embeddable":true,"href":"https:\/\/www.europesays.com\/ee\/wp-json\/wp\/v2\/tags?post=246391"}],"curies":[{"name":"wp","href":"https:\/\/api.w.org\/{rel}","templated":true}]}}