{"id":246431,"date":"2026-08-07T08:16:10","date_gmt":"2026-08-07T08:16:10","guid":{"rendered":"https:\/\/www.europesays.com\/ee\/246431\/"},"modified":"2026-08-07T08:16:10","modified_gmt":"2026-08-07T08:16:10","slug":"enneolematu-kohtuotsus-meta-peab-maksma-567-miljonit-dollarit-laste-vaimse-tervise-fondi","status":"publish","type":"post","link":"https:\/\/www.europesays.com\/ee\/246431\/","title":{"rendered":"Enneolematu kohtuotsus: Meta peab maksma 567 miljonit dollarit laste vaimse tervise fondi"},"content":{"rendered":"<p>Tegemist on esimese otsusega, kus sotsiaalmeediaplatvormide omanik tunnistatakse s\u00fc\u00fcdi selle konkreetse paragrahvi j\u00e4rgi. Meta s\u00fc\u00fcdistus puudutab avalikkusele kahjulikku olukorra tekitamist: sama paragrahvi j\u00e4rgi on varem s\u00fc\u00fcdi m\u00f5istetud ettev\u00f5tteid v\u00f5i inimesi, kes piirasid juurdep\u00e4\u00e4su veele, blokeerisid liiklust v\u00f5i tekitasid ohtlikku keskkonnareostust.<\/p>\n<p>Meta teatas, et kaebab otsuse edasi.<\/p>\n<p>Meta peab kohtu korraldusel kehtestama Facebooki ja Instagrami kasutavatele noortele igakuised ajapiirangud, v\u00e4hendama neile saadetavaid teavitusi ning piirama t\u00e4iskasvanute v\u00f5imalusi alaealistega \u00fchendust v\u00f5tta. Samuti peab ettev\u00f5te parandama tehisaru vestlusrobotite turvalisust.<\/p>\n<p>Meta s\u00f5nul tegeleb ettev\u00f5te kahjuliku sisu tuvastamise ja eemaldamisega juba praegu. \u201eOleme endiselt kindlad, et oleme noori internetis h\u00e4sti kaitsnud,\u201c teatas ettev\u00f5te.<\/p>\n<p>New Mexico peaprokur\u00f6r Torrez \u00fctles, et Meta seadis kasumi laste turvalisusest ettepoole. \u201eSee ei ole pelgalt \u00fcks kohtuotsus, mis on tehtud \u00fche ettev\u00f5tte kahjuks. See on eeskuju,\u201c \u00fctles Torrez. \u201eTeistel osariikidel ja sama kriisiga silmitsi seisvatel riikidel on n\u00fc\u00fcd tegevuskava, mida j\u00e4rgida.\u201c<\/p>\n<p>Kohtunik p\u00f6\u00f6ras eraldi t\u00e4helepanu Meta tehisaru vestlusrobotitele. Reuters kirjutas mullu, et Meta reeglid lubasid vestlusrobotitel pidada lastega romantilise v\u00f5i seksuaalse sisuga vestlusi.<\/p>\n<p>Kohtunik v\u00f5rdles Meta platvormide m\u00f5ju t\u00f6\u00f6stusreostusega. Tema s\u00f5nul ei j\u00e4\u00e4 lastele tekitatud kahju internetti, vaid kandub p\u00e4risellu ning m\u00f5jutab \u00fchiskonda laiemalt.<\/p>\n<p>Meta hinnangul oleks osa New Mexico n\u00f5utud muudatustest tehniliselt ebapraktilised v\u00f5i t\u00e4iesti v\u00f5imatud ning v\u00f5iks sundida ettev\u00f5tet osariigist lahkuma.<\/p>\n<p>Samas ei rahuldanud kohus k\u00f5iki osariigi n\u00f5udmisi. Kohtunik leidis, et Meta platvormide algoritmide muutmine v\u00f5ib rikkuda ettev\u00f5tte p\u00f5hiseaduslikke \u00f5igusi, kahjustada Meta konkurentsiv\u00f5imet ja minna vastuollu seadusega.<\/p>\n<p>Rohkem kui 40 USA osariiki on esitanud sotsiaalmeediaettev\u00f5tete vastu sarnaseid hagisid. Meta on investoreid hoiatanud, et USA ja Euroopa Liidu \u00f5iguslik surve noorte sotsiaalmeediakasutuse p\u00e4rast v\u00f5ib ettev\u00f5tte \u00e4ritegevust ja majandustulemusi m\u00e4rkimisv\u00e4\u00e4rselt m\u00f5jutada.<\/p>\n<p>Kuidas see lugu Sind end tundma pani?Saada<\/p>\n","protected":false},"excerpt":{"rendered":"Tegemist on esimese otsusega, kus sotsiaalmeediaplatvormide omanik tunnistatakse s\u00fc\u00fcdi selle konkreetse paragrahvi j\u00e4rgi. Meta s\u00fc\u00fcdistus puudutab avalikkusele kahjulikku&hellip;\n","protected":false},"author":2,"featured_media":246432,"comment_status":"","ping_status":"","sticky":false,"template":"","format":"standard","meta":{"footnotes":"","_share_on_mastodon":"0"},"categories":[14],"tags":[131,130,37,33,35,34,36,5774,2886,397],"class_list":["post-246431","post","type-post","status-publish","format-standard","has-post-thumbnail","category-ari","tag-ari","tag-business","tag-ee","tag-eesti","tag-eesti-keel","tag-estonia","tag-estonian","tag-kohtuotsus","tag-meta","tag-sotsiaalmeedia"],"share_on_mastodon":{"url":"https:\/\/pubeurope.com\/@ee\/117053239227599200","error":""},"_links":{"self":[{"href":"https:\/\/www.europesays.com\/ee\/wp-json\/wp\/v2\/posts\/246431","targetHints":{"allow":["GET"]}}],"collection":[{"href":"https:\/\/www.europesays.com\/ee\/wp-json\/wp\/v2\/posts"}],"about":[{"href":"https:\/\/www.europesays.com\/ee\/wp-json\/wp\/v2\/types\/post"}],"author":[{"embeddable":true,"href":"https:\/\/www.europesays.com\/ee\/wp-json\/wp\/v2\/users\/2"}],"replies":[{"embeddable":true,"href":"https:\/\/www.europesays.com\/ee\/wp-json\/wp\/v2\/comments?post=246431"}],"version-history":[{"count":0,"href":"https:\/\/www.europesays.com\/ee\/wp-json\/wp\/v2\/posts\/246431\/revisions"}],"wp:featuredmedia":[{"embeddable":true,"href":"https:\/\/www.europesays.com\/ee\/wp-json\/wp\/v2\/media\/246432"}],"wp:attachment":[{"href":"https:\/\/www.europesays.com\/ee\/wp-json\/wp\/v2\/media?parent=246431"}],"wp:term":[{"taxonomy":"category","embeddable":true,"href":"https:\/\/www.europesays.com\/ee\/wp-json\/wp\/v2\/categories?post=246431"},{"taxonomy":"post_tag","embeddable":true,"href":"https:\/\/www.europesays.com\/ee\/wp-json\/wp\/v2\/tags?post=246431"}],"curies":[{"name":"wp","href":"https:\/\/api.w.org\/{rel}","templated":true}]}}