{"id":246467,"date":"2026-08-07T08:59:12","date_gmt":"2026-08-07T08:59:12","guid":{"rendered":"https:\/\/www.europesays.com\/ee\/246467\/"},"modified":"2026-08-07T08:59:12","modified_gmt":"2026-08-07T08:59:12","slug":"real-tegi-elevandiluuranniku-aarerundajast-aafrika-kalleima-jalgpalluri","status":"publish","type":"post","link":"https:\/\/www.europesays.com\/ee\/246467\/","title":{"rendered":"Real tegi Elevandiluuranniku \u00e4\u00e4rer\u00fcndajast Aafrika kalleima jalgpalluri"},"content":{"rendered":"<p>Real maksab noore talendi \u00fclemineku eest 125 miljonit eurot, mis t\u00e4histab Aafrika jalgpallurite puhul uut maailmarekordit. Koos boonustega v\u00f5ib summa t\u00f5usta isegi 140 miljonini.<\/p>\n<p>Seni kuulus Aafrika kalleima m\u00e4ngija tiitel teisele Elevandiluuranniku m\u00e4ngijale, Nicolas P\u00e9p\u00e9le, kelle eest maksis Arsenal 2019. aastal Lille\u2019i klubile 80 miljonit eurot.<\/p>\n<p>Diomande l\u00f5i mullu RB Leipzigi eest 33 liigam\u00e4nguga kokku 12 v\u00e4ravat ja andis \u00fcheksa v\u00e4ravas\u00f6\u00f6tu. \u00dchtlasi valiti ta Bundesliga hooaja parimaks noorm\u00e4ngijaks.<\/p>\n<p>\u201eRealiga liitumine on nagu lapsep\u00f5lveunistuse t\u00e4itumine. Olen t\u00e4nulik RB Leipzigile, kes tegi selle \u00fclemineku v\u00f5imalikuks,\u201c s\u00f5nas Realiga seitsme aasta pikkuse lepingu s\u00f5lminud Diomande. <\/p>\n<p>Real s\u00f5lmis eile ka uue lepingu oma r\u00fcndet\u00e4he <a rel=\"noopener nofollow\" target=\"_blank\" href=\"https:\/\/www.delfi.ee\/teema\/89098413\/vinicius-junior\" tag-id=\"89098413\">Vinicius Junioriga<\/a>, kelle kontraht oleks l\u00f5ppenud j\u00e4rgmisel suvel. Brasiilia 26-aastase v\u00e4ravak\u00fcti uus leping kestab kuus aastat. <\/p>\n<p><a rel=\"noopener nofollow\" target=\"_blank\" href=\"https:\/\/www.delfi.ee\/teema\/56497680\/jose-mourinho\" tag-id=\"56497680\">Jose Mourinho<\/a> juhendatav Real on sel suvel lisaks Diomandele palganud \u00e4\u00e4rekaitsjad Marc Cucurella ja Denzel Dumfriese, keskkaitsja Ibrahima Konat\u00e9, poolkaitsja Bernardo Silva ning r\u00fcndaja Carlos Esp\u00ed. <\/p>\n<p>Kuidas see lugu Sind end tundma pani?Saada<a href=\"https:\/\/sport.delfi.ee\/artikkel\/120602191\/real-tegi-elevandiluuranniku-aarerundajast-aafrika-kalleima-jalgpalluri\/kommentaarid\" class=\"button button--primary button--size-auto article-body-bottom__comment article-body-bottom__comment--write\" style=\"\" rel=\"nofollow noopener\" target=\"_blank\">Kommenteeri<\/a><a href=\"https:\/\/sport.delfi.ee\/artikkel\/120602191\/real-tegi-elevandiluuranniku-aarerundajast-aafrika-kalleima-jalgpalluri\/kommentaarid\" class=\"button button--size-auto article-body-bottom__comment article-body-bottom__comment--read\" style=\"\" rel=\"nofollow noopener\" target=\"_blank\">Loe kommentaare (7)<\/a><\/p>\n","protected":false},"excerpt":{"rendered":"Real maksab noore talendi \u00fclemineku eest 125 miljonit eurot, mis t\u00e4histab Aafrika jalgpallurite puhul uut maailmarekordit. Koos boonustega&hellip;\n","protected":false},"author":2,"featured_media":246468,"comment_status":"","ping_status":"","sticky":false,"template":"","format":"standard","meta":{"footnotes":"","_share_on_mastodon":"0"},"categories":[18],"tags":[37,33,35,34,36,172,6428,3196,159,158,15154],"class_list":["post-246467","post","type-post","status-publish","format-standard","has-post-thumbnail","category-sport","tag-ee","tag-eesti","tag-eesti-keel","tag-estonia","tag-estonian","tag-jalgpall","tag-jose-mourinho","tag-madridi-real","tag-sport","tag-sports","tag-vinicius-junior"],"share_on_mastodon":{"url":"https:\/\/pubeurope.com\/@ee\/117053408117513791","error":""},"_links":{"self":[{"href":"https:\/\/www.europesays.com\/ee\/wp-json\/wp\/v2\/posts\/246467","targetHints":{"allow":["GET"]}}],"collection":[{"href":"https:\/\/www.europesays.com\/ee\/wp-json\/wp\/v2\/posts"}],"about":[{"href":"https:\/\/www.europesays.com\/ee\/wp-json\/wp\/v2\/types\/post"}],"author":[{"embeddable":true,"href":"https:\/\/www.europesays.com\/ee\/wp-json\/wp\/v2\/users\/2"}],"replies":[{"embeddable":true,"href":"https:\/\/www.europesays.com\/ee\/wp-json\/wp\/v2\/comments?post=246467"}],"version-history":[{"count":0,"href":"https:\/\/www.europesays.com\/ee\/wp-json\/wp\/v2\/posts\/246467\/revisions"}],"wp:featuredmedia":[{"embeddable":true,"href":"https:\/\/www.europesays.com\/ee\/wp-json\/wp\/v2\/media\/246468"}],"wp:attachment":[{"href":"https:\/\/www.europesays.com\/ee\/wp-json\/wp\/v2\/media?parent=246467"}],"wp:term":[{"taxonomy":"category","embeddable":true,"href":"https:\/\/www.europesays.com\/ee\/wp-json\/wp\/v2\/categories?post=246467"},{"taxonomy":"post_tag","embeddable":true,"href":"https:\/\/www.europesays.com\/ee\/wp-json\/wp\/v2\/tags?post=246467"}],"curies":[{"name":"wp","href":"https:\/\/api.w.org\/{rel}","templated":true}]}}