{"id":246507,"date":"2026-08-07T09:47:12","date_gmt":"2026-08-07T09:47:12","guid":{"rendered":"https:\/\/www.europesays.com\/ee\/246507\/"},"modified":"2026-08-07T09:47:12","modified_gmt":"2026-08-07T09:47:12","slug":"uhe-ajastu-lopp-%e2%9f%a9-eppu-normaali-annab-nadalavahetusel-oma-koige-viimase-kontserdi","status":"publish","type":"post","link":"https:\/\/www.europesays.com\/ee\/246507\/","title":{"rendered":"\u00dcHE AJASTU L\u00d5PP \u27e9 Eppu Normaali annab n\u00e4dalavahetusel oma k\u00f5ige viimase kontserdi"},"content":{"rendered":"<p>Soome rokkmuusika ajaloos saab sel n\u00e4dalavahetusel l\u00e4bi m\u00e4rgiline ajaj\u00e4rk, kui ansambel Eppu Normaali astub Tampere Ratina staadionil lavale oma 50-aastase karj\u00e4\u00e4ri viimasteks kontsertideks. \u00dchtlasi saab l\u00e4bi ajastu, mil nn manserock \u2013 Tampere p\u00e4ritolu soomekeelne rokk \u2013 \u00fchendas terve rahva.<\/p>\n<p>Eppu Normaali esinemine toimub 8. augustil Tampere staadionil. Enne seda anti veel mitu kontserti nii kontserdisaalides kui ka suvefestivalidel.<\/p>\n","protected":false},"excerpt":{"rendered":"Soome rokkmuusika ajaloos saab sel n\u00e4dalavahetusel l\u00e4bi m\u00e4rgiline ajaj\u00e4rk, kui ansambel Eppu Normaali astub Tampere Ratina staadionil lavale&hellip;\n","protected":false},"author":2,"featured_media":246508,"comment_status":"","ping_status":"","sticky":false,"template":"","format":"standard","meta":{"footnotes":"","_share_on_mastodon":"0"},"categories":[80],"tags":[194,180,26,27,186,37,33,35,199,182,181,34,36,183,31,32,193,21,178,176,190,28,29,185,184,187,95,191,195,19,201,198,188,25,179,189,192,177,23,24,196,22,20,200,197,30,92,93,94],"class_list":["post-246507","post","type-post","status-publish","format-standard","has-post-thumbnail","category-maailm","tag-arhitektuur","tag-arvustus","tag-breaking-news","tag-breakingnews","tag-draamateater","tag-ee","tag-eesti","tag-eesti-keel","tag-endla","tag-esietendus","tag-esilinastus","tag-estonia","tag-estonian","tag-etendus","tag-featured-news","tag-featurednews","tag-graafika","tag-headlines","tag-kirjandus","tag-kultuur","tag-kunst","tag-latest-news","tag-latestnews","tag-lava","tag-lavastus","tag-linnateater","tag-maailm","tag-maal","tag-naitus","tag-news","tag-novel","tag-nuku","tag-ooper","tag-populaarseimad-lood","tag-raamat","tag-rahvusooper","tag-skulptuur","tag-teater","tag-top-stories","tag-topstories","tag-ugala","tag-uldised-uudised","tag-uudised","tag-vaba-lava","tag-vanemuine","tag-viimased-uudised","tag-world","tag-world-news","tag-worldnews"],"share_on_mastodon":{"url":"","error":"Validation failed: Text character limit of 500 exceeded"},"_links":{"self":[{"href":"https:\/\/www.europesays.com\/ee\/wp-json\/wp\/v2\/posts\/246507","targetHints":{"allow":["GET"]}}],"collection":[{"href":"https:\/\/www.europesays.com\/ee\/wp-json\/wp\/v2\/posts"}],"about":[{"href":"https:\/\/www.europesays.com\/ee\/wp-json\/wp\/v2\/types\/post"}],"author":[{"embeddable":true,"href":"https:\/\/www.europesays.com\/ee\/wp-json\/wp\/v2\/users\/2"}],"replies":[{"embeddable":true,"href":"https:\/\/www.europesays.com\/ee\/wp-json\/wp\/v2\/comments?post=246507"}],"version-history":[{"count":0,"href":"https:\/\/www.europesays.com\/ee\/wp-json\/wp\/v2\/posts\/246507\/revisions"}],"wp:featuredmedia":[{"embeddable":true,"href":"https:\/\/www.europesays.com\/ee\/wp-json\/wp\/v2\/media\/246508"}],"wp:attachment":[{"href":"https:\/\/www.europesays.com\/ee\/wp-json\/wp\/v2\/media?parent=246507"}],"wp:term":[{"taxonomy":"category","embeddable":true,"href":"https:\/\/www.europesays.com\/ee\/wp-json\/wp\/v2\/categories?post=246507"},{"taxonomy":"post_tag","embeddable":true,"href":"https:\/\/www.europesays.com\/ee\/wp-json\/wp\/v2\/tags?post=246507"}],"curies":[{"name":"wp","href":"https:\/\/api.w.org\/{rel}","templated":true}]}}