{"id":246589,"date":"2026-08-07T11:26:12","date_gmt":"2026-08-07T11:26:12","guid":{"rendered":"https:\/\/www.europesays.com\/ee\/246589\/"},"modified":"2026-08-07T11:26:12","modified_gmt":"2026-08-07T11:26:12","slug":"leipzigi-lennuvaljal-madalalt-lennanud-pommidrooni-leidis-bussijuht-kes-loi-seda-jalaga","status":"publish","type":"post","link":"https:\/\/www.europesays.com\/ee\/246589\/","title":{"rendered":"Leipzigi lennuv\u00e4ljal madalalt lennanud pommidrooni leidis bussijuht, kes l\u00f5i seda jalaga"},"content":{"rendered":"<p>T\u00e4na kirjeldas s\u00fcndmusi Saksa <a rel=\"noopener nofollow\" target=\"_blank\" href=\"https:\/\/www.delfi.ee\/teema\/64259403\/bundestag\" tag-id=\"64259403\">Bundestagi<\/a> siseasjade komisjoni liige Detlef Seif, kes esindab valitsevat Kristlik-Demokraatlikku Liitu (<a rel=\"noopener nofollow\" target=\"_blank\" href=\"https:\/\/www.delfi.ee\/teema\/65726432\/cdu\" tag-id=\"65726432\">CDU<\/a>), vahendab Reuters.<\/p>\n<p>\u201eBussijuht l\u00f5i madalal lennanud drooni jalaga,\u201c \u00fctles Seif. \u201eSee kukkus siis alla ja j\u00e4i maha lebama. Kas see oli lennuv\u00f5imetu, pole selge.\u201c<\/p>\n<p>Drooni k\u00fcljes oli teadete kohaselt l\u00f5hkeaine.<\/p>\n<p>\u201eBussijuhi tegu oli v\u00e4ga julge ja vapper, aga ka v\u00e4ga ohtlik,\u201c j\u00e4tkas Seif. \u201eL\u00f5puks nurjas bussijuht oma sekkumisega r\u00fcnnaku eesm\u00e4rgi.\u201c<\/p>\n<p>Droon lendas Ukraina transpordilennukite An-124 l\u00e4heduses. M\u00f5nedel andmetel v\u00f5is nende pardal olla relvi.<\/p>\n<p>Saksamaa liidukantsler <a rel=\"noopener nofollow\" target=\"_blank\" href=\"https:\/\/www.delfi.ee\/teema\/95433251\/friedrich-merz\" tag-id=\"95433251\">Friedrich Merz<\/a> arutas Leipzig\/Halle s\u00fcndmusi t\u00e4na telefonikonverentsi vormis liiduvalitsuse julgeolekun\u00f5ukogu istungil, teatas valitsuse esindaja Steffen Kornelius. Ta lisas, et Merz on r\u00fcnnaku asjus pidevas kontaktis siseminister Alexander Dobrindti ja teiste valitsuse liikmetega.<\/p>\n<p>L\u00f5hkeainega droon leiti Leipzig\/Halle lennuv\u00e4ljalt teisip\u00e4eva hilis\u00f5htul. Juhtumi erilise t\u00e4htsuse t\u00f5ttu v\u00f5ttis juurdluse \u00fcle liiduprokuratuur.<\/p>\n<p>Dobrindt nimetas varem juhtunut h\u00fcbriidr\u00fcnnakustsenaariumiks ja pidas v\u00f5imalikuks, et selle taga on v\u00e4lisj\u00f5ud.<\/p>\n<p>Juhtum on tekitanud Saksamaal laialdase debati kriitilise t\u00e4htsusega taristu droonide eest kaitsmise \u00fcle.<\/p>\n<p>Kuidas see lugu Sind end tundma pani?Saada<a href=\"https:\/\/www.delfi.ee\/artikkel\/120602278\/leipzigi-lennuvaljal-madalalt-lennanud-pommidrooni-leidis-bussijuht-kes-loi-seda-jalaga\/kommentaarid\" class=\"button button--primary button--size-auto article-body-bottom__comment article-body-bottom__comment--write\" style=\"\" rel=\"nofollow noopener\" target=\"_blank\">Kommenteeri<\/a><a href=\"https:\/\/www.delfi.ee\/artikkel\/120602278\/leipzigi-lennuvaljal-madalalt-lennanud-pommidrooni-leidis-bussijuht-kes-loi-seda-jalaga\/kommentaarid\" class=\"button button--size-auto article-body-bottom__comment article-body-bottom__comment--read\" style=\"\" rel=\"nofollow noopener\" target=\"_blank\">Loe kommentaare (2)<\/a><\/p>\n","protected":false},"excerpt":{"rendered":"T\u00e4na kirjeldas s\u00fcndmusi Saksa Bundestagi siseasjade komisjoni liige Detlef Seif, kes esindab valitsevat Kristlik-Demokraatlikku Liitu (CDU), vahendab Reuters.&hellip;\n","protected":false},"author":2,"featured_media":246590,"comment_status":"","ping_status":"","sticky":false,"template":"","format":"standard","meta":{"footnotes":"","_share_on_mastodon":"0"},"categories":[80],"tags":[26,27,13310,6721,37,33,35,34,36,31,32,1142,21,28,29,1160,95,19,25,51,23,24,22,20,30,92,93,94],"class_list":["post-246589","post","type-post","status-publish","format-standard","has-post-thumbnail","category-maailm","tag-breaking-news","tag-breakingnews","tag-bundestag","tag-cdu","tag-ee","tag-eesti","tag-eesti-keel","tag-estonia","tag-estonian","tag-featured-news","tag-featurednews","tag-friedrich-merz","tag-headlines","tag-latest-news","tag-latestnews","tag-leipzig","tag-maailm","tag-news","tag-populaarseimad-lood","tag-saksamaa","tag-top-stories","tag-topstories","tag-uldised-uudised","tag-uudised","tag-viimased-uudised","tag-world","tag-world-news","tag-worldnews"],"share_on_mastodon":{"url":"https:\/\/pubeurope.com\/@ee\/117053986092992571","error":""},"_links":{"self":[{"href":"https:\/\/www.europesays.com\/ee\/wp-json\/wp\/v2\/posts\/246589","targetHints":{"allow":["GET"]}}],"collection":[{"href":"https:\/\/www.europesays.com\/ee\/wp-json\/wp\/v2\/posts"}],"about":[{"href":"https:\/\/www.europesays.com\/ee\/wp-json\/wp\/v2\/types\/post"}],"author":[{"embeddable":true,"href":"https:\/\/www.europesays.com\/ee\/wp-json\/wp\/v2\/users\/2"}],"replies":[{"embeddable":true,"href":"https:\/\/www.europesays.com\/ee\/wp-json\/wp\/v2\/comments?post=246589"}],"version-history":[{"count":0,"href":"https:\/\/www.europesays.com\/ee\/wp-json\/wp\/v2\/posts\/246589\/revisions"}],"wp:featuredmedia":[{"embeddable":true,"href":"https:\/\/www.europesays.com\/ee\/wp-json\/wp\/v2\/media\/246590"}],"wp:attachment":[{"href":"https:\/\/www.europesays.com\/ee\/wp-json\/wp\/v2\/media?parent=246589"}],"wp:term":[{"taxonomy":"category","embeddable":true,"href":"https:\/\/www.europesays.com\/ee\/wp-json\/wp\/v2\/categories?post=246589"},{"taxonomy":"post_tag","embeddable":true,"href":"https:\/\/www.europesays.com\/ee\/wp-json\/wp\/v2\/tags?post=246589"}],"curies":[{"name":"wp","href":"https:\/\/api.w.org\/{rel}","templated":true}]}}