{"id":246715,"date":"2026-08-07T13:50:16","date_gmt":"2026-08-07T13:50:16","guid":{"rendered":"https:\/\/www.europesays.com\/ee\/246715\/"},"modified":"2026-08-07T13:50:16","modified_gmt":"2026-08-07T13:50:16","slug":"tanavu-on-louna-eestis-polenud-kaks-viljakuivatit-pollud-on-tulest-paasenud","status":"publish","type":"post","link":"https:\/\/www.europesays.com\/ee\/246715\/","title":{"rendered":"T\u00e4navu on L\u00f5una-Eestis p\u00f5lenud kaks viljakuivatit, p\u00f5llud on tulest p\u00e4\u00e4senud"},"content":{"rendered":"<p>Teisip\u00e4eva varahommikul Viljandi vallas Verilaske k\u00fclas p\u00f5lenud viljakuivati tulekahju t\u00e4pset tekkep\u00f5hjust ei ole v\u00f5imalik enam kindlaks teha. L\u00f5una-Eestis on t\u00e4navune viljakoristushooaeg seni siiski rahulikult m\u00f6\u00f6dunud: p\u00e4\u00e4steameti andmetel on olnud kaks kuivatip\u00f5lengut, kuid viljap\u00f5llud pole p\u00f5lenud.<\/p>\n<p class=\"isSelectedEnd\">4. augustil kell 5.35 teatati h\u00e4irekeskusele Verilaske k\u00fclas p\u00f5lengust viljakuivatis. P\u00e4\u00e4stjate saabudes p\u00f5les hoone lahtise leegiga. Tule levikule pandi piir kella 6.31-ks ning tulekahju kustutati kell 8.23.<\/p>\n","protected":false},"excerpt":{"rendered":"Teisip\u00e4eva varahommikul Viljandi vallas Verilaske k\u00fclas p\u00f5lenud viljakuivati tulekahju t\u00e4pset tekkep\u00f5hjust ei ole v\u00f5imalik enam kindlaks teha. L\u00f5una-Eestis&hellip;\n","protected":false},"author":2,"featured_media":246716,"comment_status":"","ping_status":"","sticky":false,"template":"","format":"standard","meta":{"footnotes":"","_share_on_mastodon":"0"},"categories":[12],"tags":[26,27,37,33,35,34,36,31,32,21,28,29,1295,19,1581,97398,25,23,24,358,22,20,97399,30,97400,97397,1775],"class_list":["post-246715","post","type-post","status-publish","format-standard","has-post-thumbnail","category-eesti","tag-breaking-news","tag-breakingnews","tag-ee","tag-eesti","tag-eesti-keel","tag-estonia","tag-estonian","tag-featured-news","tag-featurednews","tag-headlines","tag-latest-news","tag-latestnews","tag-louna-eesti","tag-news","tag-paasteamet","tag-pollutoomasinad","tag-populaarseimad-lood","tag-top-stories","tag-topstories","tag-tulekahju","tag-uldised-uudised","tag-uudised","tag-verilaske-kula","tag-viimased-uudised","tag-viljakoristushooaeg","tag-viljakuivati","tag-viljandi-vald"],"share_on_mastodon":{"url":"https:\/\/pubeurope.com\/@ee\/117054552492600024","error":""},"_links":{"self":[{"href":"https:\/\/www.europesays.com\/ee\/wp-json\/wp\/v2\/posts\/246715","targetHints":{"allow":["GET"]}}],"collection":[{"href":"https:\/\/www.europesays.com\/ee\/wp-json\/wp\/v2\/posts"}],"about":[{"href":"https:\/\/www.europesays.com\/ee\/wp-json\/wp\/v2\/types\/post"}],"author":[{"embeddable":true,"href":"https:\/\/www.europesays.com\/ee\/wp-json\/wp\/v2\/users\/2"}],"replies":[{"embeddable":true,"href":"https:\/\/www.europesays.com\/ee\/wp-json\/wp\/v2\/comments?post=246715"}],"version-history":[{"count":0,"href":"https:\/\/www.europesays.com\/ee\/wp-json\/wp\/v2\/posts\/246715\/revisions"}],"wp:featuredmedia":[{"embeddable":true,"href":"https:\/\/www.europesays.com\/ee\/wp-json\/wp\/v2\/media\/246716"}],"wp:attachment":[{"href":"https:\/\/www.europesays.com\/ee\/wp-json\/wp\/v2\/media?parent=246715"}],"wp:term":[{"taxonomy":"category","embeddable":true,"href":"https:\/\/www.europesays.com\/ee\/wp-json\/wp\/v2\/categories?post=246715"},{"taxonomy":"post_tag","embeddable":true,"href":"https:\/\/www.europesays.com\/ee\/wp-json\/wp\/v2\/tags?post=246715"}],"curies":[{"name":"wp","href":"https:\/\/api.w.org\/{rel}","templated":true}]}}