{"id":246769,"date":"2026-08-07T14:53:09","date_gmt":"2026-08-07T14:53:09","guid":{"rendered":"https:\/\/www.europesays.com\/ee\/246769\/"},"modified":"2026-08-07T14:53:09","modified_gmt":"2026-08-07T14:53:09","slug":"kumnevoistluse-eesti-rekord-sai-25-aastat-vanaks-kergejoustik","status":"publish","type":"post","link":"https:\/\/www.europesays.com\/ee\/246769\/","title":{"rendered":"K\u00fcmnev\u00f5istluse Eesti rekord sai 25 aastat vanaks | Kergej\u00f5ustik"},"content":{"rendered":"<p>Reedel, 7. augustil sai veerand sajandit vanaks k\u00fcmnev\u00f5istluse Eesti rekord 8815 punkti, mille ol\u00fcmpiav\u00f5itja Erki Nool p\u00fcstitas 2001. aasta maailmameistriv\u00f5istlustel h\u00f5bemedalit v\u00f5ites.<\/p>\n<p>Nool l\u00e4bis Edmontonis 100 meetrit 10,60-ga, h\u00fcppas kaugust 7.63, t\u00f5ukas kuuli 14.90, h\u00fcppas k\u00f5rgust 2.03, jooksis 400 meetrit 46,23-ga, l\u00e4bis 110 meetrit t\u00f5kkeid 14,40-ga, heitis ketast 43.40, h\u00fcppas teivast 5.40, viskas oda 67.01 ja jooksis 1500 meetrit 4.29,58-ga.<\/p>\n<p>Selle tulemuseni pole p\u00e4rast seda \u00fckski teine Eesti mitmev\u00f5istleja j\u00f5udnud. K\u00f5ige l\u00e4hemale on p\u00e4\u00e4senud Johannes Erm, kes kogus kahe aasta eest Roomas Euroopa meistriks tulles 8764 punkti ehk rahvusrekord j\u00e4i toona 51 silma kaugusele.<\/p>\n<p>Aasta varem Sydneys ol\u00fcmpiav\u00f5itjaks kroonitud Nool pidi Edmontoni MM-il leppima aga h\u00f5bedaga, sest t\u0161ehh Toma\u0161 Dvorak p\u00fcstitas maailmameistriv\u00f5istluste rekordi 8902 ja sai kolmanda kuldmedali j\u00e4rjest. Paar kuud varem maailmarekordi 9026 p\u00fcstitanud Roman \u0160ebrle j\u00e4i tolles v\u00f5istluses alles k\u00fcmnendaks.<\/p>\n","protected":false},"excerpt":{"rendered":"Reedel, 7. augustil sai veerand sajandit vanaks k\u00fcmnev\u00f5istluse Eesti rekord 8815 punkti, mille ol\u00fcmpiav\u00f5itja Erki Nool p\u00fcstitas 2001.&hellip;\n","protected":false},"author":2,"featured_media":246770,"comment_status":"","ping_status":"","sticky":false,"template":"","format":"standard","meta":{"footnotes":"","_share_on_mastodon":"0"},"categories":[18],"tags":[37,33,35,38,34,36,1271,159,158],"class_list":["post-246769","post","type-post","status-publish","format-standard","has-post-thumbnail","category-sport","tag-ee","tag-eesti","tag-eesti-keel","tag-erki-nool","tag-estonia","tag-estonian","tag-kumnevoistlus","tag-sport","tag-sports"],"share_on_mastodon":{"url":"https:\/\/pubeurope.com\/@ee\/117054800424270318","error":""},"_links":{"self":[{"href":"https:\/\/www.europesays.com\/ee\/wp-json\/wp\/v2\/posts\/246769","targetHints":{"allow":["GET"]}}],"collection":[{"href":"https:\/\/www.europesays.com\/ee\/wp-json\/wp\/v2\/posts"}],"about":[{"href":"https:\/\/www.europesays.com\/ee\/wp-json\/wp\/v2\/types\/post"}],"author":[{"embeddable":true,"href":"https:\/\/www.europesays.com\/ee\/wp-json\/wp\/v2\/users\/2"}],"replies":[{"embeddable":true,"href":"https:\/\/www.europesays.com\/ee\/wp-json\/wp\/v2\/comments?post=246769"}],"version-history":[{"count":0,"href":"https:\/\/www.europesays.com\/ee\/wp-json\/wp\/v2\/posts\/246769\/revisions"}],"wp:featuredmedia":[{"embeddable":true,"href":"https:\/\/www.europesays.com\/ee\/wp-json\/wp\/v2\/media\/246770"}],"wp:attachment":[{"href":"https:\/\/www.europesays.com\/ee\/wp-json\/wp\/v2\/media?parent=246769"}],"wp:term":[{"taxonomy":"category","embeddable":true,"href":"https:\/\/www.europesays.com\/ee\/wp-json\/wp\/v2\/categories?post=246769"},{"taxonomy":"post_tag","embeddable":true,"href":"https:\/\/www.europesays.com\/ee\/wp-json\/wp\/v2\/tags?post=246769"}],"curies":[{"name":"wp","href":"https:\/\/api.w.org\/{rel}","templated":true}]}}