{"id":246821,"date":"2026-08-07T16:01:13","date_gmt":"2026-08-07T16:01:13","guid":{"rendered":"https:\/\/www.europesays.com\/ee\/246821\/"},"modified":"2026-08-07T16:01:13","modified_gmt":"2026-08-07T16:01:13","slug":"ponev-teada-%e2%9f%a9-uuringust-selgus-kui-kaua-kestab-koera-jaoks-taiuslik-jalutuskaik","status":"publish","type":"post","link":"https:\/\/www.europesays.com\/ee\/246821\/","title":{"rendered":"P\u00d5NEV TEADA \u27e9 Uuringust selgus, kui kaua kestab koera jaoks t\u00e4iuslik jalutusk\u00e4ik"},"content":{"rendered":"<p>Kui kaua peaks kestma t\u00e4iuslik jalutusk\u00e4ik koeraga? V\u00e4rske Suurbritannias l\u00e4bi viidud uuring pakub sellele \u00fcllatavalt konkreetse vastuse \u2013 67 minutit. Lisaks peaks jalutusk\u00e4ik sisaldama v\u00e4hemalt 16 v\u00f5imalust nuusutamiseks, kohtumist kolme s\u00f5braliku koeraga ning v\u00f5imalust vees sulistada.<\/p>\n<p class=\"isSelectedEnd\">Lemmiklooma kindlustusettev\u00f5tte Animal Friends tellitud uuringus k\u00fcsitleti 1800 koeraomanikku, et selgitada v\u00e4lja, milline igap\u00e4evane jalutusk\u00e4ik nende hinnangul koerale k\u00f5ige rohkem meeldib.<\/p>\n","protected":false},"excerpt":{"rendered":"Kui kaua peaks kestma t\u00e4iuslik jalutusk\u00e4ik koeraga? V\u00e4rske Suurbritannias l\u00e4bi viidud uuring pakub sellele \u00fcllatavalt konkreetse vastuse \u2013&hellip;\n","protected":false},"author":2,"featured_media":246822,"comment_status":"","ping_status":"","sticky":false,"template":"","format":"standard","meta":{"footnotes":"","_share_on_mastodon":"0"},"categories":[80],"tags":[26,27,37,33,35,34,36,31,32,21,2856,2853,2855,549,28,29,1978,1089,285,2854,2858,95,2835,19,25,23,24,2857,22,20,570,30,92,93,94],"class_list":["post-246821","post","type-post","status-publish","format-standard","has-post-thumbnail","category-maailm","tag-breaking-news","tag-breakingnews","tag-ee","tag-eesti","tag-eesti-keel","tag-estonia","tag-estonian","tag-featured-news","tag-featurednews","tag-headlines","tag-hooldamine","tag-kass","tag-koduloom","tag-koer","tag-latest-news","tag-latestnews","tag-lemmik","tag-lind","tag-loodus","tag-loom","tag-loomaaed","tag-maailm","tag-metsloom","tag-news","tag-populaarseimad-lood","tag-top-stories","tag-topstories","tag-toug","tag-uldised-uudised","tag-uudised","tag-vaktsineerimine","tag-viimased-uudised","tag-world","tag-world-news","tag-worldnews"],"share_on_mastodon":{"url":"https:\/\/pubeurope.com\/@ee\/117055067681687905","error":""},"_links":{"self":[{"href":"https:\/\/www.europesays.com\/ee\/wp-json\/wp\/v2\/posts\/246821","targetHints":{"allow":["GET"]}}],"collection":[{"href":"https:\/\/www.europesays.com\/ee\/wp-json\/wp\/v2\/posts"}],"about":[{"href":"https:\/\/www.europesays.com\/ee\/wp-json\/wp\/v2\/types\/post"}],"author":[{"embeddable":true,"href":"https:\/\/www.europesays.com\/ee\/wp-json\/wp\/v2\/users\/2"}],"replies":[{"embeddable":true,"href":"https:\/\/www.europesays.com\/ee\/wp-json\/wp\/v2\/comments?post=246821"}],"version-history":[{"count":0,"href":"https:\/\/www.europesays.com\/ee\/wp-json\/wp\/v2\/posts\/246821\/revisions"}],"wp:featuredmedia":[{"embeddable":true,"href":"https:\/\/www.europesays.com\/ee\/wp-json\/wp\/v2\/media\/246822"}],"wp:attachment":[{"href":"https:\/\/www.europesays.com\/ee\/wp-json\/wp\/v2\/media?parent=246821"}],"wp:term":[{"taxonomy":"category","embeddable":true,"href":"https:\/\/www.europesays.com\/ee\/wp-json\/wp\/v2\/categories?post=246821"},{"taxonomy":"post_tag","embeddable":true,"href":"https:\/\/www.europesays.com\/ee\/wp-json\/wp\/v2\/tags?post=246821"}],"curies":[{"name":"wp","href":"https:\/\/api.w.org\/{rel}","templated":true}]}}