{"id":246861,"date":"2026-08-07T16:57:14","date_gmt":"2026-08-07T16:57:14","guid":{"rendered":"https:\/\/www.europesays.com\/ee\/246861\/"},"modified":"2026-08-07T16:57:14","modified_gmt":"2026-08-07T16:57:14","slug":"lauri-koni-ja-alar-ani-%e2%9f%a9-suvi-opetas-et-maaelu-vajab-moistust-ja-usaldust-mitte-jarjekordset-paberit","status":"publish","type":"post","link":"https:\/\/www.europesays.com\/ee\/246861\/","title":{"rendered":"LAURI KONI JA ALAR ANI \u27e9 Suvi \u00f5petas, et maaelu vajab m\u00f5istust ja usaldust, mitte j\u00e4rjekordset paberit"},"content":{"rendered":"<p>Sel suvel on j\u00e4\u00e4nud mulje, et maaelu puudutavaid k\u00fcsimusi lahendatakse liiga sageli kabinetivaikuses. Uusi kohustusi ja piiranguid kehtestades peaks esimene k\u00fcsimus olema lihtne: kas nende m\u00f5ju maainimesele, v\u00e4iketootjale ja kohalikule ettev\u00f5tlikkusele on tegelikult l\u00e4bi m\u00f5eldud, kirjutavad Eesti Rahvuslaste ja Konservatiivide erakonna juhatuse liikmed Lauri Koni ja Alar Ani.<\/p>\n","protected":false},"excerpt":{"rendered":"Sel suvel on j\u00e4\u00e4nud mulje, et maaelu puudutavaid k\u00fcsimusi lahendatakse liiga sageli kabinetivaikuses. Uusi kohustusi ja piiranguid kehtestades&hellip;\n","protected":false},"author":2,"featured_media":246862,"comment_status":"","ping_status":"","sticky":false,"template":"","format":"standard","meta":{"footnotes":"","_share_on_mastodon":"0"},"categories":[12],"tags":[26,27,4559,37,33,35,97462,34,36,31,32,21,6950,18511,28,29,2834,97460,426,97461,2871,19,6769,3441,25,31365,23,24,2086,22,20,3438,86925,30],"class_list":["post-246861","post","type-post","status-publish","format-standard","has-post-thumbnail","category-eesti","tag-breaking-news","tag-breakingnews","tag-burokraatia","tag-ee","tag-eesti","tag-eesti-keel","tag-eesti-rahvuslaste-ja-konservatiivide-erakond","tag-estonia","tag-estonian","tag-featured-news","tag-featurednews","tag-headlines","tag-hendrik-johannes-terras","tag-kohalik-toit","tag-latest-news","tag-latestnews","tag-liiklusohutus","tag-litsentsinouded","tag-maaelu","tag-majandustegevusteade","tag-maksu-ja-tolliamet","tag-news","tag-pollumajandus-ja-toiduamet","tag-pollumajanduspoliitika","tag-populaarseimad-lood","tag-toiduohutus","tag-top-stories","tag-topstories","tag-transpordiamet","tag-uldised-uudised","tag-uudised","tag-vaikeettevotlus","tag-vaiketalunikud","tag-viimased-uudised"],"share_on_mastodon":{"url":"","error":"Validation failed: Text character limit of 500 exceeded"},"_links":{"self":[{"href":"https:\/\/www.europesays.com\/ee\/wp-json\/wp\/v2\/posts\/246861","targetHints":{"allow":["GET"]}}],"collection":[{"href":"https:\/\/www.europesays.com\/ee\/wp-json\/wp\/v2\/posts"}],"about":[{"href":"https:\/\/www.europesays.com\/ee\/wp-json\/wp\/v2\/types\/post"}],"author":[{"embeddable":true,"href":"https:\/\/www.europesays.com\/ee\/wp-json\/wp\/v2\/users\/2"}],"replies":[{"embeddable":true,"href":"https:\/\/www.europesays.com\/ee\/wp-json\/wp\/v2\/comments?post=246861"}],"version-history":[{"count":0,"href":"https:\/\/www.europesays.com\/ee\/wp-json\/wp\/v2\/posts\/246861\/revisions"}],"wp:featuredmedia":[{"embeddable":true,"href":"https:\/\/www.europesays.com\/ee\/wp-json\/wp\/v2\/media\/246862"}],"wp:attachment":[{"href":"https:\/\/www.europesays.com\/ee\/wp-json\/wp\/v2\/media?parent=246861"}],"wp:term":[{"taxonomy":"category","embeddable":true,"href":"https:\/\/www.europesays.com\/ee\/wp-json\/wp\/v2\/categories?post=246861"},{"taxonomy":"post_tag","embeddable":true,"href":"https:\/\/www.europesays.com\/ee\/wp-json\/wp\/v2\/tags?post=246861"}],"curies":[{"name":"wp","href":"https:\/\/api.w.org\/{rel}","templated":true}]}}