{"id":246893,"date":"2026-08-07T17:53:18","date_gmt":"2026-08-07T17:53:18","guid":{"rendered":"https:\/\/www.europesays.com\/ee\/246893\/"},"modified":"2026-08-07T17:53:18","modified_gmt":"2026-08-07T17:53:18","slug":"voitlus-tehisaruga-%e2%9f%a9-taani-gumnasistid-peavad-hakkama-kirjalikke-kodutoid-suuliselt-kaitsma","status":"publish","type":"post","link":"https:\/\/www.europesays.com\/ee\/246893\/","title":{"rendered":"V\u00d5ITLUS TEHISARUGA \u27e9 Taani g\u00fcmnasistid peavad hakkama kirjalikke kodut\u00f6id suuliselt kaitsma"},"content":{"rendered":"<p class=\"MsoNormal\">T\u00f5rjumaks koolit\u00f6\u00f6de tehisaruga tegemist, karmistas Taani valitsus keskkooli\u00f5pilastele kehtestatud n\u00f5uded, seades neile muuhulgas kohustuse kaitsta edaspidi suuliselt enda esitatud esseede sisu.<\/p>\n<p class=\"MsoNormal\">G\u00fcmnaasiumis k\u00e4ivatel 16\u201319-aastastelt noortel soovitatakse tulevikus t\u00e4ita kirjalikke \u00fclesandeid kodu asemel pigem koolis kontrollitud oludes, kus hoitaks silm peal nende nende arvutikasutusel, vahendas The Guardian.<\/p>\n","protected":false},"excerpt":{"rendered":"T\u00f5rjumaks koolit\u00f6\u00f6de tehisaruga tegemist, karmistas Taani valitsus keskkooli\u00f5pilastele kehtestatud n\u00f5uded, seades neile muuhulgas kohustuse kaitsta edaspidi suuliselt enda&hellip;\n","protected":false},"author":2,"featured_media":246894,"comment_status":"","ping_status":"","sticky":false,"template":"","format":"standard","meta":{"footnotes":"","_share_on_mastodon":"0"},"categories":[80],"tags":[97469,26,27,37,33,35,97468,34,36,31,32,11238,17571,10682,21,28,29,95,97470,19,25,264,97471,373,23,24,22,20,30,92,93,94],"class_list":["post-246893","post","type-post","status-publish","format-standard","has-post-thumbnail","category-maailm","tag-akadeemiline-petturlus","tag-breaking-news","tag-breakingnews","tag-ee","tag-eesti","tag-eesti-keel","tag-eksaminouded","tag-estonia","tag-estonian","tag-featured-news","tag-featurednews","tag-gumnaasiumiharidus","tag-hariduspoliitika","tag-haridussusteem","tag-headlines","tag-latest-news","tag-latestnews","tag-maailm","tag-magnus-heunicke","tag-news","tag-populaarseimad-lood","tag-taani","tag-taani-haridusministeerium","tag-tehisintellekt","tag-top-stories","tag-topstories","tag-uldised-uudised","tag-uudised","tag-viimased-uudised","tag-world","tag-world-news","tag-worldnews"],"share_on_mastodon":{"url":"","error":"Validation failed: Text character limit of 500 exceeded"},"_links":{"self":[{"href":"https:\/\/www.europesays.com\/ee\/wp-json\/wp\/v2\/posts\/246893","targetHints":{"allow":["GET"]}}],"collection":[{"href":"https:\/\/www.europesays.com\/ee\/wp-json\/wp\/v2\/posts"}],"about":[{"href":"https:\/\/www.europesays.com\/ee\/wp-json\/wp\/v2\/types\/post"}],"author":[{"embeddable":true,"href":"https:\/\/www.europesays.com\/ee\/wp-json\/wp\/v2\/users\/2"}],"replies":[{"embeddable":true,"href":"https:\/\/www.europesays.com\/ee\/wp-json\/wp\/v2\/comments?post=246893"}],"version-history":[{"count":0,"href":"https:\/\/www.europesays.com\/ee\/wp-json\/wp\/v2\/posts\/246893\/revisions"}],"wp:featuredmedia":[{"embeddable":true,"href":"https:\/\/www.europesays.com\/ee\/wp-json\/wp\/v2\/media\/246894"}],"wp:attachment":[{"href":"https:\/\/www.europesays.com\/ee\/wp-json\/wp\/v2\/media?parent=246893"}],"wp:term":[{"taxonomy":"category","embeddable":true,"href":"https:\/\/www.europesays.com\/ee\/wp-json\/wp\/v2\/categories?post=246893"},{"taxonomy":"post_tag","embeddable":true,"href":"https:\/\/www.europesays.com\/ee\/wp-json\/wp\/v2\/tags?post=246893"}],"curies":[{"name":"wp","href":"https:\/\/api.w.org\/{rel}","templated":true}]}}