{"id":246923,"date":"2026-08-07T18:36:07","date_gmt":"2026-08-07T18:36:07","guid":{"rendered":"https:\/\/www.europesays.com\/ee\/246923\/"},"modified":"2026-08-07T18:36:07","modified_gmt":"2026-08-07T18:36:07","slug":"omniva-asus-klientide-pakke-kumnete-kilomeetrite-kaugusele-umber-suunama-eesti","status":"publish","type":"post","link":"https:\/\/www.europesays.com\/ee\/246923\/","title":{"rendered":"Omniva asus klientide pakke k\u00fcmnete kilomeetrite kaugusele \u00fcmber suunama | Eesti"},"content":{"rendered":"<p>1. juulist Hiinast ja kolmandatest riikidest tellitud kaupadele lisandunud kolmeeurone tollimaks on oluliselt v\u00e4hendanud pakkide tulva Eestisse. Ometi on sel suvel mitmel pool pakiautomaadid olnud \u00fcle koormatud ning klientidele halvaks \u00fcllatuseks on nende saadetised \u00fcmber suunatud suisa mitmek\u00fcmne kilomeetri kaugusel asuvatesse postikappidesse.<\/p>\n<p>Kui pakiautomaat on t\u00e4is, suunavad pakifirmad sageli saadetise m\u00f5nda teise l\u00e4hedalasuvasse automaati. Paraku otsustas Omniva sel suvel kiirema teeninduse nimel saata n\u00e4iteks Tapale tellitud paki 35 kilomeetrit eemal asuvasse Rakverre v\u00f5i Treimani k\u00fcla asemel 20 kilomeetri kaugusele H\u00e4\u00e4demeestele.<\/p>\n<p>Omniva Eesti jaotus- ja postiv\u00f5rgu juht Lylian Peek p\u00f5hjendab pakkide \u00fcmbersuunamist suurte mahtude ja kiirema teenindusega. <\/p>\n<p>&#8220;Pakke suunatakse tegelikult \u00fcmber suhteliselt harva. Kui vaadata n\u00fc\u00fcd Omniva mahtusid, mis meil p\u00e4eva jooksul on, et meie sorteerimisliin sorteerib p\u00e4eva jooksul umbes 200 000 pakki, siis nendest \u00fcks protsent l\u00e4heb \u00fcmber suunamisele. Kui n\u00fc\u00fcd t\u00e4psustada, siis 0,8 on see t\u00e4pne protsent, mis l\u00e4heb \u00fcmber suunamisele. \u00dcmber suunamist tehakse selle j\u00e4rgi, et meie sorteerimisprotsess k\u00e4ib l\u00e4bi automatiseeritud sorteerimisliini. Kui pakk l\u00e4heb sorteerimisliinile, siis sorteerimisliin v\u00f5tab aluseks k\u00f5ik sellised, mis on paki peal olev aadress. K\u00fcll aga on inimestel alati v\u00f5imalik valida endale eelistused, esimese eelistuse ja teise eelistuse, et siis m\u00e4\u00e4rata \u00e4ra, et milline pakiautomaat on tema lemmik,&#8221; r\u00e4\u00e4kis Peek.<\/p>\n<p>Lihtne arvutus \u00fctleb seega, et umbes 1600 Omniva klienti p\u00e4evas ei saa pakki k\u00e4tte sellest kohast, kuhu see telliti. M\u00f5istagi suunavad pakke \u00fcmber ka teised firmad. <\/p>\n<p>DPD Eesti kommertsjuht Janek Kivimurd \u00fctles, et DPD jaoks on k\u00f5ige t\u00e4htsam, et pakk saaks toimetatud pakiautomaati, mille klient on valinud.<\/p>\n<p>&#8220;Eestimaalaste jaoks on pakiautomaat \u00fcks eelistatumaid kohaletoimetamise valikuid ja seda p\u00f5hjusel, et sinna on mugav omale pakki tellida. See on \u00f6\u00f6p\u00e4evaringselt avatud ja peaks aitama just s\u00e4\u00e4sta aega kliendi jaoks ja igasugune lisa, teekond v\u00f5i koormus kliendi jaoks on m\u00f5istetav pahameelt tekitav. Teinekord tuleb ette, et kas siis ootamatult on pakiautomaat t\u00e4itunud v\u00f5i sellele on tehniline t\u00f5rge. Ligi \u00fcks protsenti on selliseid saadetisi DPD-l ja selleks, et mitte pakki j\u00e4tta ootele, me toimetame selle l\u00e4himasse pakiautomaati ja l\u00e4him pakiautomaat DPD-s t\u00e4hendab kuni poolteist kilomeetrit. Kindlasti ei ole sellist asja, et Tallinna \u00fchest otsast Tallinna teise v\u00f5i Narva linnast Narva linna teise otsa v\u00f5i, v\u00f5i P\u00e4rnust P\u00e4rnu teise otsa. See kindlasti ei ole meie eesm\u00e4rk,&#8221; \u00fctles Kivimurd.<\/p>\n<p>Kui loo algul toodud n\u00e4ited puudutasid pigem v\u00e4ikesi kohti, kus pakiautomaatide v\u00f5rgustik ongi h\u00f5redava\u00f5itu, siis v\u00f5ib halb \u00fcllatus tabada klienti ka keset Tallinna.<\/p>\n<p>&#8220;Ma tegutsen oma \u00e4riga Telliskivi t\u00e4naval ja ma olen oma pakke saanud ka n\u00e4iteks S\u00f5pruse puiesteele pakiautomaadist. Aga viimane kord saadeti see Tallinna kaubamajja, mis oli p\u00e4ris suur \u00fcllatus, sest Omnival on l\u00e4hemal postkontorid nii Kristiines kui Arsenali keskuses. Oli kummaline sealt otsida,&#8221; \u00fctles Omniva klient P\u00f5hja-Tallinnast Tarieli Lipartia.<\/p>\n<p>Lipartia lisas, et k\u00fcsis Omnivalt ka selgitust, aga ettev\u00f5te ei osanud \u00fchtegi p\u00f5hjust \u00f6elda.<\/p>\n","protected":false},"excerpt":{"rendered":"1. juulist Hiinast ja kolmandatest riikidest tellitud kaupadele lisandunud kolmeeurone tollimaks on oluliselt v\u00e4hendanud pakkide tulva Eestisse. Ometi&hellip;\n","protected":false},"author":2,"featured_media":246924,"comment_status":"","ping_status":"","sticky":false,"template":"","format":"standard","meta":{"footnotes":"","_share_on_mastodon":"0"},"categories":[14],"tags":[131,130,37,33,35,34,36,254],"class_list":["post-246923","post","type-post","status-publish","format-standard","has-post-thumbnail","category-ari","tag-ari","tag-business","tag-ee","tag-eesti","tag-eesti-keel","tag-estonia","tag-estonian","tag-omniva"],"share_on_mastodon":{"url":"https:\/\/pubeurope.com\/@ee\/117055677211594984","error":""},"_links":{"self":[{"href":"https:\/\/www.europesays.com\/ee\/wp-json\/wp\/v2\/posts\/246923","targetHints":{"allow":["GET"]}}],"collection":[{"href":"https:\/\/www.europesays.com\/ee\/wp-json\/wp\/v2\/posts"}],"about":[{"href":"https:\/\/www.europesays.com\/ee\/wp-json\/wp\/v2\/types\/post"}],"author":[{"embeddable":true,"href":"https:\/\/www.europesays.com\/ee\/wp-json\/wp\/v2\/users\/2"}],"replies":[{"embeddable":true,"href":"https:\/\/www.europesays.com\/ee\/wp-json\/wp\/v2\/comments?post=246923"}],"version-history":[{"count":0,"href":"https:\/\/www.europesays.com\/ee\/wp-json\/wp\/v2\/posts\/246923\/revisions"}],"wp:featuredmedia":[{"embeddable":true,"href":"https:\/\/www.europesays.com\/ee\/wp-json\/wp\/v2\/media\/246924"}],"wp:attachment":[{"href":"https:\/\/www.europesays.com\/ee\/wp-json\/wp\/v2\/media?parent=246923"}],"wp:term":[{"taxonomy":"category","embeddable":true,"href":"https:\/\/www.europesays.com\/ee\/wp-json\/wp\/v2\/categories?post=246923"},{"taxonomy":"post_tag","embeddable":true,"href":"https:\/\/www.europesays.com\/ee\/wp-json\/wp\/v2\/tags?post=246923"}],"curies":[{"name":"wp","href":"https:\/\/api.w.org\/{rel}","templated":true}]}}