{"id":246991,"date":"2026-08-07T21:10:19","date_gmt":"2026-08-07T21:10:19","guid":{"rendered":"https:\/\/www.europesays.com\/ee\/246991\/"},"modified":"2026-08-07T21:10:19","modified_gmt":"2026-08-07T21:10:19","slug":"enefit-avas-poolas-oma-seni-suurima-paikesepargi","status":"publish","type":"post","link":"https:\/\/www.europesays.com\/ee\/246991\/","title":{"rendered":"Enefit avas Poolas oma seni suurima p\u00e4ikesepargi"},"content":{"rendered":"<p>Poola keskosas asuva p\u00e4ikesepargi paigaldatud v\u00f5imsus on 45 megavatti ning see hakkab tootma hinnanguliselt 45 gigavatt-tundi taastuvelektrit aastas. Sellest piisab ligikaudu 22 000 keskmise Poola majapidamise aastase elektritarbimise katmiseks ning see aitab \u00e4ra hoida ligikaudu 28 000 tonni CO\u2082 heidet aastas.<\/p>\n<p>\u201ePoola on \u00fcks Enefiti neljast koduturust ja oleme siin aastate jooksul oma \u00e4ri kasvatanud. Strza\u0142kowo on meie suurim p\u00e4ikesepark Poolas ja \u00fcks suuremaid kogu Enefiti portfellis. See investeering tugevdab meie tootmisportfelli ning aitab pakkuda klientidele rohkem puhtalt toodetud elektrit,\u201c \u00fctles Enefiti juhatuse esimees <a rel=\"noopener nofollow\" target=\"_blank\" href=\"https:\/\/www.delfi.ee\/teema\/64057087\/gerrit-maesalu\" tag-id=\"64057087\">Gerrit M\u00e4esalu<\/a>.<\/p>\n<p>Enefit tegutseb Poola turul alates 2016. aastast ning teenindab praegu enam kui 4500 \u00e4riklienti. P\u00e4rast Strza\u0142kowo p\u00e4ikesepargi valmimist on ettev\u00f5tte taastuvenergia tootmisv\u00f5imsus Poolas kasvanud 78 megavatini.<\/p>\n<p>Projekt tugineb 15-aastasele hinnavahelepingule (Contract for Difference, CfD), mis h\u00f5lmab 75% jaama prognoositavast elektritoodangust. See mehhanism loob investeeringule stabiilse tulubaasi ning toetab taastuvenergia tootmise edasist arendamist. Strza\u0142kowo p\u00e4ikesepark kuulub Enefiti taastuvenergia portfelli Balti riikides ja Poolas, kuhu kuuluvad tuulepargid, p\u00e4ikesepargid ning energiasalvestuslahendused.<\/p>\n<p>Kuidas see lugu Sind end tundma pani?Saada<a href=\"https:\/\/arileht.delfi.ee\/a\/120602256\/enefit-avas-poolas-oma-seni-suurima-paikesepargi\/kommentaarid\" class=\"button button--primary button--size-auto article-body-bottom__comment article-body-bottom__comment--write\" style=\"\" rel=\"nofollow noopener\" target=\"_blank\">Kommenteeri<\/a><a href=\"https:\/\/arileht.delfi.ee\/a\/120602256\/enefit-avas-poolas-oma-seni-suurima-paikesepargi\/kommentaarid\" class=\"button button--size-auto article-body-bottom__comment article-body-bottom__comment--read\" style=\"\" rel=\"nofollow noopener\" target=\"_blank\">Loe kommentaare (19)<\/a><\/p>\n","protected":false},"excerpt":{"rendered":"Poola keskosas asuva p\u00e4ikesepargi paigaldatud v\u00f5imsus on 45 megavatti ning see hakkab tootma hinnanguliselt 45 gigavatt-tundi taastuvelektrit aastas.&hellip;\n","protected":false},"author":2,"featured_media":246992,"comment_status":"","ping_status":"","sticky":false,"template":"","format":"standard","meta":{"footnotes":"","_share_on_mastodon":"0"},"categories":[14],"tags":[131,130,37,33,4526,35,7039,34,36,84147,4396,111,2596],"class_list":["post-246991","post","type-post","status-publish","format-standard","has-post-thumbnail","category-ari","tag-ari","tag-business","tag-ee","tag-eesti","tag-eesti-energia","tag-eesti-keel","tag-enefit","tag-estonia","tag-estonian","tag-gerrit-maesalu","tag-paikesepark","tag-poola","tag-taastuvenergia"],"share_on_mastodon":{"url":"https:\/\/pubeurope.com\/@ee\/117056282700413278","error":""},"_links":{"self":[{"href":"https:\/\/www.europesays.com\/ee\/wp-json\/wp\/v2\/posts\/246991","targetHints":{"allow":["GET"]}}],"collection":[{"href":"https:\/\/www.europesays.com\/ee\/wp-json\/wp\/v2\/posts"}],"about":[{"href":"https:\/\/www.europesays.com\/ee\/wp-json\/wp\/v2\/types\/post"}],"author":[{"embeddable":true,"href":"https:\/\/www.europesays.com\/ee\/wp-json\/wp\/v2\/users\/2"}],"replies":[{"embeddable":true,"href":"https:\/\/www.europesays.com\/ee\/wp-json\/wp\/v2\/comments?post=246991"}],"version-history":[{"count":0,"href":"https:\/\/www.europesays.com\/ee\/wp-json\/wp\/v2\/posts\/246991\/revisions"}],"wp:featuredmedia":[{"embeddable":true,"href":"https:\/\/www.europesays.com\/ee\/wp-json\/wp\/v2\/media\/246992"}],"wp:attachment":[{"href":"https:\/\/www.europesays.com\/ee\/wp-json\/wp\/v2\/media?parent=246991"}],"wp:term":[{"taxonomy":"category","embeddable":true,"href":"https:\/\/www.europesays.com\/ee\/wp-json\/wp\/v2\/categories?post=246991"},{"taxonomy":"post_tag","embeddable":true,"href":"https:\/\/www.europesays.com\/ee\/wp-json\/wp\/v2\/tags?post=246991"}],"curies":[{"name":"wp","href":"https:\/\/api.w.org\/{rel}","templated":true}]}}