{"id":247001,"date":"2026-08-07T21:21:52","date_gmt":"2026-08-07T21:21:52","guid":{"rendered":"https:\/\/www.europesays.com\/ee\/247001\/"},"modified":"2026-08-07T21:21:52","modified_gmt":"2026-08-07T21:21:52","slug":"levikom-eesti-pankrotistus-parast-5g-litsentsi-tuhistamist","status":"publish","type":"post","link":"https:\/\/www.europesays.com\/ee\/247001\/","title":{"rendered":"Levikom Eesti pankrotistus p\u00e4rast 5G litsentsi t\u00fchistamist"},"content":{"rendered":"<p class=\"text-muted-foreground text-[15px] leading-relaxed\">Eesti telekommunikatsiooniettev\u00f5te Levikom Eesti kuulutati ametlikult pankrotis olevaks 5. augustil 2026, peaaegu viis aastat kestnud p\u00e4\u00e4stekatsete j\u00e4rel, millele andis hoobi riigi otsus t\u00fchistada selle 5G sageduslitsents.<\/p>\n<p><a class=\"border-border\/60 hover:border-foreground\/30 focus-visible:ring-foreground\/30 mt-3 flex items-center justify-between gap-3 border px-3 py-2 font-mono text-[10px] font-medium uppercase tracking-wide transition-colors duration-150 focus-visible:outline-none focus-visible:ring-2\" data-sentry-element=\"Link\" data-sentry-component=\"StoryCirculationTeaser\" data-sentry-source-file=\"StoryCirculation.tsx\" href=\"https:\/\/shortl.ee\/et\/estonia\" rel=\"nofollow noopener\" target=\"_blank\">T\u00c4NA \u00b7 18 LUGUVaata \u00fcle<\/a><\/p>\n<ul class=\"space-y-3 text-[15px] leading-relaxed\">\n<li class=\"flex gap-3\">\u2014Eesti telekommunikatsiooniettev\u00f5te Levikom Eesti on ametlikult pankrotis kuulutatud p\u00e4rast peaaegu viit aastat kestnud katseid seda t\u00f6\u00f6s hoida.<\/li>\n<li class=\"flex gap-3\">\u2014Ettev\u00f5tte finantsraskused olid peamiselt tingitud riigi poolt selle 5G sageduslitsentsi t\u00fchistamisest, \u00fctles endine poliitik T\u00f5nis Palts, kes liitus ettev\u00f5tte juhatusega kolm aastat tagasi, et proovida seda p\u00e4\u00e4sta.<\/li>\n<li class=\"flex gap-3\">\u2014Levikom Eesti pankrot j\u00e4rgneb kohtu eelmise aasta otsusele l\u00f5petada selle saneerimismenetlus.<\/li>\n<li class=\"flex gap-3\">\u2014Enne pankroti v\u00e4ljakuulutamist oli advokaadib\u00fcroo Tegos samuti n\u00f5udnud ettev\u00f5tte pankrotti tasumata arvete t\u00f5ttu.<\/li>\n<\/ul>\n","protected":false},"excerpt":{"rendered":"Eesti telekommunikatsiooniettev\u00f5te Levikom Eesti kuulutati ametlikult pankrotis olevaks 5. augustil 2026, peaaegu viis aastat kestnud p\u00e4\u00e4stekatsete j\u00e4rel, millele&hellip;\n","protected":false},"author":2,"featured_media":247002,"comment_status":"","ping_status":"","sticky":false,"template":"","format":"standard","meta":{"footnotes":"","_share_on_mastodon":"0"},"categories":[14],"tags":[97491,131,130,37,33,35,34,36,96717,672,7185,11180,25686],"class_list":["post-247001","post","type-post","status-publish","format-standard","has-post-thumbnail","category-ari","tag-5g-litsents","tag-ari","tag-business","tag-ee","tag-eesti","tag-eesti-keel","tag-estonia","tag-estonian","tag-levikom-eesti","tag-majandus","tag-pankrot","tag-telekommunikatsioon","tag-tonis-palts"],"share_on_mastodon":{"url":"https:\/\/pubeurope.com\/@ee\/117056329819024707","error":""},"_links":{"self":[{"href":"https:\/\/www.europesays.com\/ee\/wp-json\/wp\/v2\/posts\/247001","targetHints":{"allow":["GET"]}}],"collection":[{"href":"https:\/\/www.europesays.com\/ee\/wp-json\/wp\/v2\/posts"}],"about":[{"href":"https:\/\/www.europesays.com\/ee\/wp-json\/wp\/v2\/types\/post"}],"author":[{"embeddable":true,"href":"https:\/\/www.europesays.com\/ee\/wp-json\/wp\/v2\/users\/2"}],"replies":[{"embeddable":true,"href":"https:\/\/www.europesays.com\/ee\/wp-json\/wp\/v2\/comments?post=247001"}],"version-history":[{"count":0,"href":"https:\/\/www.europesays.com\/ee\/wp-json\/wp\/v2\/posts\/247001\/revisions"}],"wp:featuredmedia":[{"embeddable":true,"href":"https:\/\/www.europesays.com\/ee\/wp-json\/wp\/v2\/media\/247002"}],"wp:attachment":[{"href":"https:\/\/www.europesays.com\/ee\/wp-json\/wp\/v2\/media?parent=247001"}],"wp:term":[{"taxonomy":"category","embeddable":true,"href":"https:\/\/www.europesays.com\/ee\/wp-json\/wp\/v2\/categories?post=247001"},{"taxonomy":"post_tag","embeddable":true,"href":"https:\/\/www.europesays.com\/ee\/wp-json\/wp\/v2\/tags?post=247001"}],"curies":[{"name":"wp","href":"https:\/\/api.w.org\/{rel}","templated":true}]}}