{"id":247021,"date":"2026-08-07T22:17:08","date_gmt":"2026-08-07T22:17:08","guid":{"rendered":"https:\/\/www.europesays.com\/ee\/247021\/"},"modified":"2026-08-07T22:17:08","modified_gmt":"2026-08-07T22:17:08","slug":"saksa-esiliiga-algas-eesti-jalgpallurite-vastasseisuga-jalgpall","status":"publish","type":"post","link":"https:\/\/www.europesays.com\/ee\/247021\/","title":{"rendered":"Saksa esiliiga algas Eesti jalgpallurite vastasseisuga | Jalgpall"},"content":{"rendered":"<p>Eesti noortekoondislase Soufian Gourami koduklubi Berliini Hertha alistas Saksamaa 2. Bundesliga avavooru kohtumises v\u00f5\u00f5rsil Karol Metsa v\u00e4rske meeskonna Bochumi 1:0.<\/p>\n<p>Seejuures andis Gouram kohtumise 39. minutil taanlasest meeskonnakaaslase Sebastian Gr\u00f6nning Anderseni tabamusele resultatiivse s\u00f6\u00f6du. 63. minutil vahetati 20-aastane Gouram puhkama.<\/p>\n<p>Tegemist oli Saksamaal marokolasest isale ja eestlannast emale s\u00fcndinud mehe esimese m\u00e4nguga Saksamaa esiliigas.<\/p>\n<p>33-aastane Mets alustas kohtumist Bochumi varumeestepingil, aga vahetati poolajal v\u00e4ljakule ehk 18 minutit said eestlased pallida teineteise vastu.<\/p>\n<p>Kuigi Hertha v\u00f5itis kohtumise, siis Bochum hoidis 56 protsenti ajast palli ja tegi kolm pealel\u00f6\u00f6ki raamidesse Hertha kahe vastu. Samuti teeniti viis nurgal\u00f6\u00f6ki pealinnaklubi kahe vastu, aga v\u00e4ravani ei j\u00f5utud.<\/p>\n<p>J\u00e4rgmises ringis l\u00e4heb Hertha laup\u00e4eval, 15. augustil kodus vastamisi Heidenheimiga. Bochum m\u00e4ngib p\u00e4ev varem v\u00f5\u00f5rsil Braunschweigiga.<\/p>\n","protected":false},"excerpt":{"rendered":"Eesti noortekoondislase Soufian Gourami koduklubi Berliini Hertha alistas Saksamaa 2. Bundesliga avavooru kohtumises v\u00f5\u00f5rsil Karol Metsa v\u00e4rske meeskonna&hellip;\n","protected":false},"author":2,"featured_media":247022,"comment_status":"","ping_status":"","sticky":false,"template":"","format":"standard","meta":{"footnotes":"","_share_on_mastodon":"0"},"categories":[18],"tags":[37,33,35,34,36,5040,1634,159,158],"class_list":["post-247021","post","type-post","status-publish","format-standard","has-post-thumbnail","category-sport","tag-ee","tag-eesti","tag-eesti-keel","tag-estonia","tag-estonian","tag-karol-mets","tag-soufian-gouram","tag-sport","tag-sports"],"share_on_mastodon":{"url":"https:\/\/pubeurope.com\/@ee\/117056546196152573","error":""},"_links":{"self":[{"href":"https:\/\/www.europesays.com\/ee\/wp-json\/wp\/v2\/posts\/247021","targetHints":{"allow":["GET"]}}],"collection":[{"href":"https:\/\/www.europesays.com\/ee\/wp-json\/wp\/v2\/posts"}],"about":[{"href":"https:\/\/www.europesays.com\/ee\/wp-json\/wp\/v2\/types\/post"}],"author":[{"embeddable":true,"href":"https:\/\/www.europesays.com\/ee\/wp-json\/wp\/v2\/users\/2"}],"replies":[{"embeddable":true,"href":"https:\/\/www.europesays.com\/ee\/wp-json\/wp\/v2\/comments?post=247021"}],"version-history":[{"count":0,"href":"https:\/\/www.europesays.com\/ee\/wp-json\/wp\/v2\/posts\/247021\/revisions"}],"wp:featuredmedia":[{"embeddable":true,"href":"https:\/\/www.europesays.com\/ee\/wp-json\/wp\/v2\/media\/247022"}],"wp:attachment":[{"href":"https:\/\/www.europesays.com\/ee\/wp-json\/wp\/v2\/media?parent=247021"}],"wp:term":[{"taxonomy":"category","embeddable":true,"href":"https:\/\/www.europesays.com\/ee\/wp-json\/wp\/v2\/categories?post=247021"},{"taxonomy":"post_tag","embeddable":true,"href":"https:\/\/www.europesays.com\/ee\/wp-json\/wp\/v2\/tags?post=247021"}],"curies":[{"name":"wp","href":"https:\/\/api.w.org\/{rel}","templated":true}]}}