{"id":247083,"date":"2026-08-08T04:45:09","date_gmt":"2026-08-08T04:45:09","guid":{"rendered":"https:\/\/www.europesays.com\/ee\/247083\/"},"modified":"2026-08-08T04:45:09","modified_gmt":"2026-08-08T04:45:09","slug":"laanemaa-voib-hakata-hiiumaad-elektriga-varustama","status":"publish","type":"post","link":"https:\/\/www.europesays.com\/ee\/247083\/","title":{"rendered":"L\u00e4\u00e4nemaa v\u00f5ib hakata Hiiumaad elektriga varustama"},"content":{"rendered":"<p>            <a href=\"https:\/\/www.europesays.com\/ee\/wp-content\/uploads\/2026\/08\/20250108_elekter_Juhan_Hepner-5.jpg\" data-caption=\"\"><img loading=\"lazy\" width=\"696\" height=\"522\" class=\"entry-thumb td-modal-image lazyload\" alt=\"\" title=\"20250108_elekter_Juhan_Hepner (5)\" src=\"https:\/\/www.europesays.com\/ee\/wp-content\/uploads\/2026\/08\/20250108_elekter_Juhan_Hepner-5-696x522.jpg\" decoding=\"async\"  data- data-eio-rwidth=\"696\" data-eio-rheight=\"522\"\/><\/a><\/p>\n<p><img loading=\"lazy\" class=\"wp-image-440858 size-full lazyload\" alt=\"\" width=\"1920\" height=\"1440\" src=\"https:\/\/www.europesays.com\/ee\/wp-content\/uploads\/2026\/08\/20250108_elekter_Juhan_Hepner-5.jpg\" decoding=\"async\" data-eio-rwidth=\"1920\" data-eio-rheight=\"1440\"\/>Foto: Juhan Hepner<\/p>\n<p>\t\tSel n\u00e4dalal algatas valitsus Elektrilevi taotlusel riigi eriplaneeringu ja keskkonnam\u00f5ju strateegilise hindamise, et muuta Hiiumaa elektri\u00fchendus senisest ligi kolm korda v\u00f5imsamaks. Uus \u00fchendus v\u00f5ib tulla l\u00e4bi L\u00e4\u00e4nemaa.<\/p>\n<p>Elektrilevi juhatuse liige Ardi Ratassepp \u00fctles, et praegu tugineb Hiiumaa elektrivarustus 35 kV v\u00f5rgule ja \u00fchele toitesuunale Saaremaalt Leisi alajaamast. \u201eProbleem ei ole ainult t\u00e4nases koormuses, vaid selles, et rikkeolukorras ei taga olemasolev 35 kV v\u00f5rk n\u00f5utavat reserveeritavust ega pingekvaliteeti, eriti K\u00e4rdla ja K\u00e4ina piirkonnas,\u201d \u00fctles ta.<\/p>\n<p>Lisa\u00fchendus Hiiumaale on plaanis luua kas teise \u00fchendusega Saaremaalt v\u00f5i L\u00e4\u00e4nemaa kaudu. Ratassepa s\u00f5nul pole l\u00f5plikku valikut veel tehtud. \u201eValik tehakse varustuskindluse, tehnilise teostatavuse, keskkonnam\u00f5ju, maksumuse ja ehitatavuse alusel,\u201d \u00fctles Ratassepp.<\/p>\n<p>Artikkel j\u00e4tkub peale reklaami<img loading=\"lazy\" decoding=\"async\" class=\"aligncenter size-full wp-image-387649\" src=\"https:\/\/www.europesays.com\/ee\/wp-content\/uploads\/2026\/08\/1786164309_550_tasuline.png\" alt=\"\" width=\"688\" height=\"101\" data-eio=\"l\"\/><\/a><\/p>\n<p>Reklaam<\/p>\n","protected":false},"excerpt":{"rendered":"Foto: Juhan Hepner Sel n\u00e4dalal algatas valitsus Elektrilevi taotlusel riigi eriplaneeringu ja keskkonnam\u00f5ju strateegilise hindamise, et muuta Hiiumaa&hellip;\n","protected":false},"author":2,"featured_media":247084,"comment_status":"","ping_status":"","sticky":false,"template":"","format":"standard","meta":{"footnotes":"","_share_on_mastodon":"0"},"categories":[14],"tags":[131,130,37,33,35,849,34,36],"class_list":["post-247083","post","type-post","status-publish","format-standard","has-post-thumbnail","category-ari","tag-ari","tag-business","tag-ee","tag-eesti","tag-eesti-keel","tag-elektrilevi","tag-estonia","tag-estonian"],"share_on_mastodon":{"url":"https:\/\/pubeurope.com\/@ee\/117058071923411791","error":""},"_links":{"self":[{"href":"https:\/\/www.europesays.com\/ee\/wp-json\/wp\/v2\/posts\/247083","targetHints":{"allow":["GET"]}}],"collection":[{"href":"https:\/\/www.europesays.com\/ee\/wp-json\/wp\/v2\/posts"}],"about":[{"href":"https:\/\/www.europesays.com\/ee\/wp-json\/wp\/v2\/types\/post"}],"author":[{"embeddable":true,"href":"https:\/\/www.europesays.com\/ee\/wp-json\/wp\/v2\/users\/2"}],"replies":[{"embeddable":true,"href":"https:\/\/www.europesays.com\/ee\/wp-json\/wp\/v2\/comments?post=247083"}],"version-history":[{"count":0,"href":"https:\/\/www.europesays.com\/ee\/wp-json\/wp\/v2\/posts\/247083\/revisions"}],"wp:featuredmedia":[{"embeddable":true,"href":"https:\/\/www.europesays.com\/ee\/wp-json\/wp\/v2\/media\/247084"}],"wp:attachment":[{"href":"https:\/\/www.europesays.com\/ee\/wp-json\/wp\/v2\/media?parent=247083"}],"wp:term":[{"taxonomy":"category","embeddable":true,"href":"https:\/\/www.europesays.com\/ee\/wp-json\/wp\/v2\/categories?post=247083"},{"taxonomy":"post_tag","embeddable":true,"href":"https:\/\/www.europesays.com\/ee\/wp-json\/wp\/v2\/tags?post=247083"}],"curies":[{"name":"wp","href":"https:\/\/api.w.org\/{rel}","templated":true}]}}