{"id":247101,"date":"2026-08-08T05:16:13","date_gmt":"2026-08-08T05:16:13","guid":{"rendered":"https:\/\/www.europesays.com\/ee\/247101\/"},"modified":"2026-08-08T05:16:13","modified_gmt":"2026-08-08T05:16:13","slug":"nova-vorgukuuris-naeb-soda-abistaja-pilgu-labi","status":"publish","type":"post","link":"https:\/\/www.europesays.com\/ee\/247101\/","title":{"rendered":"N\u00f5va v\u00f5rgukuuris n\u00e4eb s\u00f5da abistaja pilgu l\u00e4bi"},"content":{"rendered":"<p>            <a href=\"https:\/\/online.le.ee\/wp-content\/uploads\/2025\/07\/Hunditund-Vorukuuris_foto_Juhan-Hepner-11.jpg\" data-caption=\"Festivali Hunditund avamine V\u00f5rgukuuris. Foto: Juhan Hepner\" rel=\"nofollow noopener\" target=\"_blank\"><img loading=\"lazy\" width=\"696\" height=\"522\" class=\"entry-thumb td-modal-image lazyload\" alt=\"\" title=\"Hunditund V\u00f5rukuuris_foto_Juhan Hepner (11)\" src=\"https:\/\/www.europesays.com\/ee\/wp-content\/uploads\/2026\/08\/Hunditund-Vorukuuris_foto_Juhan-Hepner-11-696x522.jpg\" decoding=\"async\"  data- data-eio-rwidth=\"696\" data-eio-rheight=\"522\"\/><\/a>Festivali Hunditund avamine V\u00f5rgukuuris. Foto: Juhan Hepner<\/p>\n<p><img loading=\"lazy\" class=\"size-full wp-image-453943 lazyload\" alt=\"\" width=\"1920\" height=\"1440\" src=\"https:\/\/www.europesays.com\/ee\/wp-content\/uploads\/2026\/08\/Hunditund-Vorukuuris_foto_Juhan-Hepner-12.jpg\" decoding=\"async\" data-eio-rwidth=\"1920\" data-eio-rheight=\"1440\"\/>Festivali Hunditund avamine v\u00f5rgukuuris. Foto: Juhan Hepner<\/p>\n<p>\t\tLaup\u00e4eva \u00f5htul n\u00e4eb N\u00f5va v\u00f5rgukuuris Erik Tikani filmi \u201eSinikollane\u201d.<\/p>\n<p>Film r\u00e4\u00e4gib vabatahtlikust Ukraina abistajast Erkost, kelle pidev kodust eemalviibimine m\u00f5jub peresuhetele laastavalt ja \u00fchel hetkel tuleb mehel valida, kas perekond v\u00f5i s\u00f5da.<\/p>\n<p>N\u00f5va v\u00f5rgukuuris on ka kohal filmi autor Erik Tikan, kelle kirjelduse j\u00e4rgi on \u201eSinikollane\u201d vaade s\u00f5jale nurga alt, kus kangelase ja antikangelase piirid h\u00e4gustuvad ning s\u00f5ja pinge ning argielurutiin Eesti ja Ukraina vahet s\u00f5itva Erko elus konkureerima hakkavad.<\/p>\n<p>Artikkel j\u00e4tkub peale reklaami<img loading=\"lazy\" decoding=\"async\" class=\"aligncenter size-full wp-image-387649\" src=\"https:\/\/www.europesays.com\/ee\/wp-content\/uploads\/2026\/08\/1786166173_305_tasuline.png\" alt=\"\" width=\"688\" height=\"101\" data-eio=\"l\"\/><\/a><\/p>\n<p>Reklaam<\/p>\n","protected":false},"excerpt":{"rendered":"Festivali Hunditund avamine V\u00f5rgukuuris. Foto: Juhan Hepner Festivali Hunditund avamine v\u00f5rgukuuris. Foto: Juhan Hepner Laup\u00e4eva \u00f5htul n\u00e4eb N\u00f5va&hellip;\n","protected":false},"author":2,"featured_media":247102,"comment_status":"","ping_status":"","sticky":false,"template":"","format":"standard","meta":{"footnotes":"","_share_on_mastodon":"0"},"categories":[16],"tags":[37,33,35,173,34,36,140,31542],"class_list":["post-247101","post","type-post","status-publish","format-standard","has-post-thumbnail","category-meelelahutus","tag-ee","tag-eesti","tag-eesti-keel","tag-entertainment","tag-estonia","tag-estonian","tag-meelelahutus","tag-nova"],"share_on_mastodon":{"url":"https:\/\/pubeurope.com\/@ee\/117058193904123979","error":""},"_links":{"self":[{"href":"https:\/\/www.europesays.com\/ee\/wp-json\/wp\/v2\/posts\/247101","targetHints":{"allow":["GET"]}}],"collection":[{"href":"https:\/\/www.europesays.com\/ee\/wp-json\/wp\/v2\/posts"}],"about":[{"href":"https:\/\/www.europesays.com\/ee\/wp-json\/wp\/v2\/types\/post"}],"author":[{"embeddable":true,"href":"https:\/\/www.europesays.com\/ee\/wp-json\/wp\/v2\/users\/2"}],"replies":[{"embeddable":true,"href":"https:\/\/www.europesays.com\/ee\/wp-json\/wp\/v2\/comments?post=247101"}],"version-history":[{"count":0,"href":"https:\/\/www.europesays.com\/ee\/wp-json\/wp\/v2\/posts\/247101\/revisions"}],"wp:featuredmedia":[{"embeddable":true,"href":"https:\/\/www.europesays.com\/ee\/wp-json\/wp\/v2\/media\/247102"}],"wp:attachment":[{"href":"https:\/\/www.europesays.com\/ee\/wp-json\/wp\/v2\/media?parent=247101"}],"wp:term":[{"taxonomy":"category","embeddable":true,"href":"https:\/\/www.europesays.com\/ee\/wp-json\/wp\/v2\/categories?post=247101"},{"taxonomy":"post_tag","embeddable":true,"href":"https:\/\/www.europesays.com\/ee\/wp-json\/wp\/v2\/tags?post=247101"}],"curies":[{"name":"wp","href":"https:\/\/api.w.org\/{rel}","templated":true}]}}