{"id":247337,"date":"2026-08-08T11:37:10","date_gmt":"2026-08-08T11:37:10","guid":{"rendered":"https:\/\/www.europesays.com\/ee\/247337\/"},"modified":"2026-08-08T11:37:10","modified_gmt":"2026-08-08T11:37:10","slug":"virtsus-mangiti-kohaliku-rannajalgpallilegendi-karikatele","status":"publish","type":"post","link":"https:\/\/www.europesays.com\/ee\/247337\/","title":{"rendered":"Virtsus m\u00e4ngiti kohaliku rannajalgpallilegendi karikatele"},"content":{"rendered":"<p>            <a href=\"https:\/\/www.europesays.com\/ee\/wp-content\/uploads\/2026\/08\/priit-maeoru-turniir-getreu.jpg\" data-caption=\"\"><img loading=\"lazy\" width=\"696\" height=\"522\" class=\"entry-thumb td-modal-image lazyload\" alt=\"\" title=\"priit m\u00e4eoru turniir getreu\" src=\"https:\/\/www.europesays.com\/ee\/wp-content\/uploads\/2026\/08\/priit-maeoru-turniir-getreu-696x522.jpg\" decoding=\"async\"  data- data-eio-rwidth=\"696\" data-eio-rheight=\"522\"\/><\/a><\/p>\n<p><img loading=\"lazy\" class=\"wp-image-481973 size-full lazyload\" alt=\"\" width=\"1920\" height=\"1440\" src=\"https:\/\/www.europesays.com\/ee\/wp-content\/uploads\/2026\/08\/priit-maeoru-turniir-getreu.jpg\" decoding=\"async\" data-eio-rwidth=\"1920\" data-eio-rheight=\"1440\"\/>Foto: erakogu<\/p>\n<p>\t\tJuba kolmandat suve tulevad Virtsu kooli v\u00e4ikesele liivav\u00e4ljakule kokku rannajalgpallihuvilised. Just sama kooli staadionil L\u00f5una-L\u00e4\u00e4nemaa jalgpalliklubis treeningutega 1998. aastal alustanud Priit M\u00e4eorg paneb omanimelisel turniiril v\u00e4lja uhked karikad ja on ka ise alati kohal, et saada osa pallilahingutest.<\/p>\n<p>Esimese eestlasena sada m\u00e4ngu Eesti rannakoondises pidanud M\u00e4eorg ja tema esimene koduklubi on juba kolmandat aastat korraldanud turniiri ja nii on pandud alus traditsioonile.<\/p>\n<p>Kolmandal turniiril m\u00e4ngisid nii noored kui ka vanad. Staadionile kogunenud lapsevanemad ja teised pealtvaatajad said osa rannajalka\u00f5htust.<\/p>\n<p>Artikkel j\u00e4tkub peale reklaami<img loading=\"lazy\" decoding=\"async\" class=\"aligncenter size-full wp-image-387649\" src=\"https:\/\/www.europesays.com\/ee\/wp-content\/uploads\/2026\/08\/1786189030_594_tasuline.png\" alt=\"\" width=\"688\" height=\"101\" data-eio=\"l\"\/><\/a><\/p>\n<p>Reklaam<\/p>\n","protected":false},"excerpt":{"rendered":"Foto: erakogu Juba kolmandat suve tulevad Virtsu kooli v\u00e4ikesele liivav\u00e4ljakule kokku rannajalgpallihuvilised. Just sama kooli staadionil L\u00f5una-L\u00e4\u00e4nemaa jalgpalliklubis&hellip;\n","protected":false},"author":2,"featured_media":247338,"comment_status":"","ping_status":"","sticky":false,"template":"","format":"standard","meta":{"footnotes":"","_share_on_mastodon":"0"},"categories":[18],"tags":[37,33,35,34,36,85389,159,158,96232],"class_list":["post-247337","post","type-post","status-publish","format-standard","has-post-thumbnail","category-sport","tag-ee","tag-eesti","tag-eesti-keel","tag-estonia","tag-estonian","tag-priit-maeorg","tag-sport","tag-sports","tag-virtsu-rannajalgpall"],"share_on_mastodon":{"url":"https:\/\/pubeurope.com\/@ee\/117059692079366271","error":""},"_links":{"self":[{"href":"https:\/\/www.europesays.com\/ee\/wp-json\/wp\/v2\/posts\/247337","targetHints":{"allow":["GET"]}}],"collection":[{"href":"https:\/\/www.europesays.com\/ee\/wp-json\/wp\/v2\/posts"}],"about":[{"href":"https:\/\/www.europesays.com\/ee\/wp-json\/wp\/v2\/types\/post"}],"author":[{"embeddable":true,"href":"https:\/\/www.europesays.com\/ee\/wp-json\/wp\/v2\/users\/2"}],"replies":[{"embeddable":true,"href":"https:\/\/www.europesays.com\/ee\/wp-json\/wp\/v2\/comments?post=247337"}],"version-history":[{"count":0,"href":"https:\/\/www.europesays.com\/ee\/wp-json\/wp\/v2\/posts\/247337\/revisions"}],"wp:featuredmedia":[{"embeddable":true,"href":"https:\/\/www.europesays.com\/ee\/wp-json\/wp\/v2\/media\/247338"}],"wp:attachment":[{"href":"https:\/\/www.europesays.com\/ee\/wp-json\/wp\/v2\/media?parent=247337"}],"wp:term":[{"taxonomy":"category","embeddable":true,"href":"https:\/\/www.europesays.com\/ee\/wp-json\/wp\/v2\/categories?post=247337"},{"taxonomy":"post_tag","embeddable":true,"href":"https:\/\/www.europesays.com\/ee\/wp-json\/wp\/v2\/tags?post=247337"}],"curies":[{"name":"wp","href":"https:\/\/api.w.org\/{rel}","templated":true}]}}