{"id":247431,"date":"2026-08-08T14:47:17","date_gmt":"2026-08-08T14:47:17","guid":{"rendered":"https:\/\/www.europesays.com\/ee\/247431\/"},"modified":"2026-08-08T14:47:17","modified_gmt":"2026-08-08T14:47:17","slug":"kristo-enn-vaga-voitis-filter-tour-de-tallinna-rattaralli","status":"publish","type":"post","link":"https:\/\/www.europesays.com\/ee\/247431\/","title":{"rendered":"Kristo Enn Vaga v\u00f5itis Filter Tour de Tallinna rattaralli"},"content":{"rendered":"<p>T1 keskusest startinud rattarallil p\u00e4lvisid j\u00e4rgmised kohad Kirill Tarassov (Murla Team, -3,6 sekundit) ja Arseni Laidinen (CFC Spordiklubi, -4,3). Naiste arvestuses v\u00f5idutses kindlalt Ann-Christine Allik ajaga 1:42.47.35, kellele j\u00e4rgnesid Maria J\u00fcrisaar (The Lead Out Academy) ja Carol Kuuskman (CFC Spordiklubi). <a rel=\"noopener follow nofollow\" target=\"_blank\" href=\"https:\/\/www.racetecresults.com\/results.aspx?CId=16573&amp;RId=669\" data-rel-date-range=\"[]\">K\u00f5ik tulemused<\/a>.<\/p>\n<p>Rulluisumaratoni 41,4-kilomeetrisel distantsil moodustasid meeste esikolmiku Reinis Znotins, Andrus Kuusk ja Sandis Reinsons ning naiste arvestuses olid parimad Saskia K\u00fctt, Agate \u0160aurina ning Laura Znotina.<\/p>\n<p>\u00d5htul toimub festivali s\u00fcdameks olevas T1 keskuses show-v\u00f5istlus, kuhu p\u00e4\u00e4sevad rattaralli absoluutarvestuse 12 esimest ning iga vanuseklassi kolm parimat. V\u00f5isteldakse 1 kilomeetri eraldistardis, mille trass viib l\u00e4bi T1 parkimismaja viie korruse. <\/p>\n<p>\u00d5htune programm algab kvalifikatsiooniga kell 20.00, superfinaal on kavas 22.00 ning ratturite autasustamine T1 keskaatriumis esimesel korrusel kell 22.40.<\/p>\n<p>Kuidas see lugu Sind end tundma pani?Saada<a href=\"https:\/\/sport.delfi.ee\/artikkel\/120602448\/kristo-enn-vaga-voitis-filter-tour-de-tallinna-rattaralli\/kommentaarid\" class=\"button button--primary button--size-auto article-body-bottom__comment article-body-bottom__comment--write\" style=\"\" rel=\"nofollow noopener\" target=\"_blank\">Kommenteeri<\/a><a href=\"https:\/\/sport.delfi.ee\/artikkel\/120602448\/kristo-enn-vaga-voitis-filter-tour-de-tallinna-rattaralli\/kommentaarid\" class=\"button button--size-auto article-body-bottom__comment article-body-bottom__comment--read\" style=\"\" rel=\"nofollow noopener\" target=\"_blank\">Loe kommentaare <\/a><\/p>\n","protected":false},"excerpt":{"rendered":"T1 keskusest startinud rattarallil p\u00e4lvisid j\u00e4rgmised kohad Kirill Tarassov (Murla Team, -3,6 sekundit) ja Arseni Laidinen (CFC Spordiklubi,&hellip;\n","protected":false},"author":2,"featured_media":247432,"comment_status":"","ping_status":"","sticky":false,"template":"","format":"standard","meta":{"footnotes":"","_share_on_mastodon":"0"},"categories":[18],"tags":[37,33,35,34,36,520,14203,640,159,158],"class_list":["post-247431","post","type-post","status-publish","format-standard","has-post-thumbnail","category-sport","tag-ee","tag-eesti","tag-eesti-keel","tag-estonia","tag-estonian","tag-jalgrattasport","tag-kristo-enn-vaga","tag-riigikogu","tag-sport","tag-sports"],"share_on_mastodon":{"url":"https:\/\/pubeurope.com\/@ee\/117060439087044958","error":""},"_links":{"self":[{"href":"https:\/\/www.europesays.com\/ee\/wp-json\/wp\/v2\/posts\/247431","targetHints":{"allow":["GET"]}}],"collection":[{"href":"https:\/\/www.europesays.com\/ee\/wp-json\/wp\/v2\/posts"}],"about":[{"href":"https:\/\/www.europesays.com\/ee\/wp-json\/wp\/v2\/types\/post"}],"author":[{"embeddable":true,"href":"https:\/\/www.europesays.com\/ee\/wp-json\/wp\/v2\/users\/2"}],"replies":[{"embeddable":true,"href":"https:\/\/www.europesays.com\/ee\/wp-json\/wp\/v2\/comments?post=247431"}],"version-history":[{"count":0,"href":"https:\/\/www.europesays.com\/ee\/wp-json\/wp\/v2\/posts\/247431\/revisions"}],"wp:featuredmedia":[{"embeddable":true,"href":"https:\/\/www.europesays.com\/ee\/wp-json\/wp\/v2\/media\/247432"}],"wp:attachment":[{"href":"https:\/\/www.europesays.com\/ee\/wp-json\/wp\/v2\/media?parent=247431"}],"wp:term":[{"taxonomy":"category","embeddable":true,"href":"https:\/\/www.europesays.com\/ee\/wp-json\/wp\/v2\/categories?post=247431"},{"taxonomy":"post_tag","embeddable":true,"href":"https:\/\/www.europesays.com\/ee\/wp-json\/wp\/v2\/tags?post=247431"}],"curies":[{"name":"wp","href":"https:\/\/api.w.org\/{rel}","templated":true}]}}