{"id":247461,"date":"2026-08-08T15:53:22","date_gmt":"2026-08-08T15:53:22","guid":{"rendered":"https:\/\/www.europesays.com\/ee\/247461\/"},"modified":"2026-08-08T15:53:22","modified_gmt":"2026-08-08T15:53:22","slug":"nadala-vastaja-%e2%9f%a9-aivar-pohlak-eesti-jouab-jalgpalli-emile-2","status":"publish","type":"post","link":"https:\/\/www.europesays.com\/ee\/247461\/","title":{"rendered":"N\u00c4DALA VASTAJA \u27e9 Aivar Pohlak: Eesti j\u00f5uab jalgpalli EMile"},"content":{"rendered":"<p>T\u00e4navune jalgpallist k\u00fcllastunud suvi v\u00e4hendab hoogsalt vutip\u00f5lgurite ridu. Jalgpalluritest on saanud superstaarid, kelle tegemisi j\u00e4lgivad ka muidu jalgpalli v\u00f5\u00f5rad naised, ning laste seljas tundub k\u00f5ige popim riietusese olevat jalgpallis\u00e4rk. On paras aeg uurida, mis selles maailmas veel p\u00f5nevat tulemas on, ja kes oleks parem vastaja kui Eesti Jalgpalli Liidu president Aivar Pohlak.<\/p>\n","protected":false},"excerpt":{"rendered":"T\u00e4navune jalgpallist k\u00fcllastunud suvi v\u00e4hendab hoogsalt vutip\u00f5lgurite ridu. Jalgpalluritest on saanud superstaarid, kelle tegemisi j\u00e4lgivad ka muidu jalgpalli&hellip;\n","protected":false},"author":2,"featured_media":247462,"comment_status":"","ping_status":"","sticky":false,"template":"","format":"standard","meta":{"footnotes":"","_share_on_mastodon":"0"},"categories":[18],"tags":[430,37,33,2246,5456,35,97567,34,36,3223,163,3224,172,20392,1358,1342,159,158,1345,1624],"class_list":["post-247461","post","type-post","status-publish","format-standard","has-post-thumbnail","category-sport","tag-aivar-pohlak","tag-ee","tag-eesti","tag-eesti-jalgpalli-liit","tag-eesti-jalgpallikoondis","tag-eesti-keel","tag-eesti-klubijalgpall","tag-estonia","tag-estonian","tag-fifa","tag-flora","tag-gianni-infantino","tag-jalgpall","tag-jalgpalli-em","tag-levadia","tag-ragnar-klavan","tag-sport","tag-sports","tag-uefa","tag-var"],"share_on_mastodon":{"url":"https:\/\/pubeurope.com\/@ee\/117060698529111296","error":""},"_links":{"self":[{"href":"https:\/\/www.europesays.com\/ee\/wp-json\/wp\/v2\/posts\/247461","targetHints":{"allow":["GET"]}}],"collection":[{"href":"https:\/\/www.europesays.com\/ee\/wp-json\/wp\/v2\/posts"}],"about":[{"href":"https:\/\/www.europesays.com\/ee\/wp-json\/wp\/v2\/types\/post"}],"author":[{"embeddable":true,"href":"https:\/\/www.europesays.com\/ee\/wp-json\/wp\/v2\/users\/2"}],"replies":[{"embeddable":true,"href":"https:\/\/www.europesays.com\/ee\/wp-json\/wp\/v2\/comments?post=247461"}],"version-history":[{"count":0,"href":"https:\/\/www.europesays.com\/ee\/wp-json\/wp\/v2\/posts\/247461\/revisions"}],"wp:featuredmedia":[{"embeddable":true,"href":"https:\/\/www.europesays.com\/ee\/wp-json\/wp\/v2\/media\/247462"}],"wp:attachment":[{"href":"https:\/\/www.europesays.com\/ee\/wp-json\/wp\/v2\/media?parent=247461"}],"wp:term":[{"taxonomy":"category","embeddable":true,"href":"https:\/\/www.europesays.com\/ee\/wp-json\/wp\/v2\/categories?post=247461"},{"taxonomy":"post_tag","embeddable":true,"href":"https:\/\/www.europesays.com\/ee\/wp-json\/wp\/v2\/tags?post=247461"}],"curies":[{"name":"wp","href":"https:\/\/api.w.org\/{rel}","templated":true}]}}