{"id":247501,"date":"2026-08-08T17:00:14","date_gmt":"2026-08-08T17:00:14","guid":{"rendered":"https:\/\/www.europesays.com\/ee\/247501\/"},"modified":"2026-08-08T17:00:14","modified_gmt":"2026-08-08T17:00:14","slug":"u18-koondis-alistas-lati-kulmade-eestlastena-oleme-lopuks-end-kaima-saanud","status":"publish","type":"post","link":"https:\/\/www.europesays.com\/ee\/247501\/","title":{"rendered":"U18 koondis alistas L\u00e4ti: k\u00fclmade eestlastena oleme l\u00f5puks end k\u00e4ima saanud"},"content":{"rendered":"<p class=\"isSelectedEnd\">Eesti U18 k\u00e4sipallikoondis sai P\u00f5hja-Makedoonias Skopjes toimuval EHF Championship I turniiril kirja esimese v\u00f5idu, kui alistas kohtadele 5.\u20138. peetavas m\u00e4ngus L\u00e4ti 27:25.<\/p>\n<p class=\"isSelectedEnd\">Eestlased alustasid kohtumist enesekindlalt ning l\u00e4ksid juba viiendaks minutiks Timo Roomere kahe v\u00e4rava toel 4:1 juhtima. Kuigi L\u00e4ti suutis vahe korraks viigistada, haaras Eesti taas initsiatiivi ning l\u00e4ks poolajale 17:14 eduseisus.<\/p>\n<p class=\"isSelectedEnd\">Teisel poolajal j\u00f5udsid l\u00e4tlased korraks vaid \u00fche v\u00e4rava kaugusele, kuid Eesti suutis oma edu taastada ja m\u00e4ngu l\u00f5pus kindlalt kontrollida. Roomere oli Eesti parim v\u00e4ravak\u00fctt \u00fcheksa tabamusega, Sander Slivin lisas kuus v\u00e4ravat.<\/p>\n<p class=\"isSelectedEnd\">Eestlaste v\u00e4ravas hiilgas Marten Vihvelin, kes valiti kohtumise parimaks m\u00e4ngijaks.<\/p>\n<p class=\"isSelectedEnd\">\u00abTundub, et meil on tegemist selliste t\u00fc\u00fcpiliste k\u00fclmade eestlastega. Algus ei saa vedama ning hiljem ei saa pidama,\u00bb v\u00f5ttis treener Marko Koks kohtumise tabavalt kokku.<\/p>\n<p class=\"isSelectedEnd\">\u00abKaks viimast m\u00e4ngu oleme oma tuhhi \u00fcles saanud. Kui oleksime esimestes mat\u0161ides samasugust esitust n\u00e4idanud, siis mine tea, mis seisud olla v\u00f5iks,\u00bb lisas ta.<\/p>\n<p class=\"isSelectedEnd\">Koks j\u00e4i noorte m\u00e4ngijate esitusega rahule ning t\u00f5i esile nende kasvavat enesekindlust.<\/p>\n<p class=\"isSelectedEnd\">\u00abArengut ja s\u00e4ra poiste silmis on \u00e4ge vaadata. Tuleb poistele kiidus\u00f5nad jagada,\u00bb s\u00f5nas Viljandi HC peatreener Marko Koks.<\/p>\n<p class=\"isSelectedEnd\">Eesti alustas turniiri kolme kaotusega, j\u00e4\u00e4des alla Hollandile, Luksemburgile ja Kreekale. V\u00f5it L\u00e4ti \u00fcle annab aga v\u00f5imaluse l\u00f5petada v\u00f5istlus viiendal kohal.<\/p>\n<p>Turniiri viimases m\u00e4ngus kohtub Eesti p\u00fchap\u00e4eval kell 15.30 Hollandiga, kellele j\u00e4\u00e4di alagrupis alla 17:27.<\/p>\n<p>Spordiklubi Viimsi HC<\/p>\n<ul>\n<li data-list-item-id=\"ec3e54f5cf054588c23c1e0eeb5d11c2b\">Karl Sebastian Aamer<\/li>\n<li data-list-item-id=\"e40e043a597683c5f688936346de74e52\">Harald Aas<\/li>\n<li data-list-item-id=\"ef5ff2d60dd6dc262cc7eafd3db72a95f\">Alfred Kaimer<\/li>\n<li data-list-item-id=\"edbfa7618fe35d76a5212c499fb12ead2\">Oliver Kollo<\/li>\n<li data-list-item-id=\"e71688ca75eda9cd02cd3b408f090ae68\">Gregor Jaanus<\/li>\n<li data-list-item-id=\"ed0eb033bfbff14d50a56eed8e71471c3\">Ian Molotov<\/li>\n<li data-list-item-id=\"ec410ccf0ede4357d47b873c2553de990\">Roger Pajur<\/li>\n<li data-list-item-id=\"ef26ed2c7ce68c2e317c1ef56b0773ed3\">Marten Vihvelin<\/li>\n<\/ul>\n<p>Spordiklubi HC Tallas<\/p>\n<ul>\n<li data-list-item-id=\"ed850c909ada8fb30de973db55d65f73c\">Daniel Adamber<\/li>\n<li data-list-item-id=\"e0a0428c3b21045f704efdec75d227bdc\">Joseph Laaniste<\/li>\n<li data-list-item-id=\"e374bb23c58ad4325cb91c76e8f04e14b\">Sander Slivin<\/li>\n<\/ul>\n<p>P\u00f5lva K\u00e4sipalliklubi<\/p>\n<p>Spordiklubi Kehra k\u00e4sipall<\/p>\n<ul>\n<li data-list-item-id=\"e6adb9aa9c2b11a64a8356956dd0c35e4\">Timo Roomere<\/li>\n<li data-list-item-id=\"e092b6a1bcd77ebd85e35da7484f542dd\">Tom Simion Treiman<\/li>\n<\/ul>\n<p>K\u00e4sipalliklubi Viljandi HC<\/p>\n<p>Peatreener: Henri Sillaste<br \/>Treenerid: Heldur Sepp, Marko Koks<br \/>F\u00fcsioterapeut: Allar Lamp<\/p>\n","protected":false},"excerpt":{"rendered":"Eesti U18 k\u00e4sipallikoondis sai P\u00f5hja-Makedoonias Skopjes toimuval EHF Championship I turniiril kirja esimese v\u00f5idu, kui alistas kohtadele 5.\u20138.&hellip;\n","protected":false},"author":2,"featured_media":247502,"comment_status":"","ping_status":"","sticky":false,"template":"","format":"standard","meta":{"footnotes":"","_share_on_mastodon":"0"},"categories":[18],"tags":[37,33,35,92017,97577,34,36,3019,97309,10532,97579,10398,97578,159,158,97307],"class_list":["post-247501","post","type-post","status-publish","format-standard","has-post-thumbnail","category-sport","tag-ee","tag-eesti","tag-eesti-keel","tag-eesti-u18-kasipallikoondis","tag-ehf-championships-i","tag-estonia","tag-estonian","tag-kasipall","tag-lati-u18-kasipallikoondis","tag-marko-koks","tag-marten-vihvelin","tag-pohja-makedoonia","tag-sander-slivin","tag-sport","tag-sports","tag-timo-roomere"],"share_on_mastodon":{"url":"https:\/\/pubeurope.com\/@ee\/117060961927233024","error":""},"_links":{"self":[{"href":"https:\/\/www.europesays.com\/ee\/wp-json\/wp\/v2\/posts\/247501","targetHints":{"allow":["GET"]}}],"collection":[{"href":"https:\/\/www.europesays.com\/ee\/wp-json\/wp\/v2\/posts"}],"about":[{"href":"https:\/\/www.europesays.com\/ee\/wp-json\/wp\/v2\/types\/post"}],"author":[{"embeddable":true,"href":"https:\/\/www.europesays.com\/ee\/wp-json\/wp\/v2\/users\/2"}],"replies":[{"embeddable":true,"href":"https:\/\/www.europesays.com\/ee\/wp-json\/wp\/v2\/comments?post=247501"}],"version-history":[{"count":0,"href":"https:\/\/www.europesays.com\/ee\/wp-json\/wp\/v2\/posts\/247501\/revisions"}],"wp:featuredmedia":[{"embeddable":true,"href":"https:\/\/www.europesays.com\/ee\/wp-json\/wp\/v2\/media\/247502"}],"wp:attachment":[{"href":"https:\/\/www.europesays.com\/ee\/wp-json\/wp\/v2\/media?parent=247501"}],"wp:term":[{"taxonomy":"category","embeddable":true,"href":"https:\/\/www.europesays.com\/ee\/wp-json\/wp\/v2\/categories?post=247501"},{"taxonomy":"post_tag","embeddable":true,"href":"https:\/\/www.europesays.com\/ee\/wp-json\/wp\/v2\/tags?post=247501"}],"curies":[{"name":"wp","href":"https:\/\/api.w.org\/{rel}","templated":true}]}}