{"id":247531,"date":"2026-08-08T18:28:11","date_gmt":"2026-08-08T18:28:11","guid":{"rendered":"https:\/\/www.europesays.com\/ee\/247531\/"},"modified":"2026-08-08T18:28:11","modified_gmt":"2026-08-08T18:28:11","slug":"nomme-kalju-tousis-meistriliigas-teisele-kohale","status":"publish","type":"post","link":"https:\/\/www.europesays.com\/ee\/247531\/","title":{"rendered":"N\u00f5mme Kalju t\u00f5usis meistriliigas teisele kohale"},"content":{"rendered":"<p>Kalju asis Narvas peetud kohtumist juhtima juba kaheksandal minutil Mihhail Orlovi v\u00e4ravast.<\/p>\n<p>Transi olukord muutus veel nukramaks 36. minutil, kui nende leegion\u00e4r Yayra Josue Doke sai l\u00fchikese aja jooksul kaks kollast kaarti ja j\u00e4ttis oma meeskonna v\u00e4hemusse.<\/p>\n<p>L\u00f5ppseisu 2:0 vormistas <a rel=\"noopener nofollow\" target=\"_blank\" href=\"https:\/\/www.delfi.ee\/teema\/96880566\/rommi-siht\" tag-id=\"96880566\">Rommi Siht<\/a> teise poolaja keskpaigas, kui saatis palli v\u00f5rku k\u00e4\u00e4rl\u00f6\u00f6gist.<\/p>\n<p>L\u00e4hikonkurentidest kaks m\u00e4ngu enam pidanud Kalju on n\u00fc\u00fcd 41 punktiga teisel kohal. Liidril <a rel=\"noopener nofollow\" target=\"_blank\" href=\"https:\/\/www.delfi.ee\/teema\/81212943\/tallinna-fci-levadia\" tag-id=\"81212943\">Tallinna FCI Levadial<\/a> on 47 ja kolmandal kohal asuval <a rel=\"noopener nofollow\" target=\"_blank\" href=\"https:\/\/www.delfi.ee\/teema\/56497400\/fc-flora\" tag-id=\"56497400\">FC Floral<\/a> 39 punkti. <\/p>\n<p>Levadia v\u00f5\u00f5rustab p\u00fchap\u00e4eval N\u00f5mme Unitedit. FC Flora eurom\u00e4ngude t\u00f5ttu sel n\u00e4dalavahetusel ei m\u00e4ngi.<\/p>\n<p>Kuidas see lugu Sind end tundma pani?Saada<a href=\"https:\/\/sport.delfi.ee\/artikkel\/120602472\/nomme-kalju-tousis-meistriliigas-teisele-kohale\/kommentaarid\" class=\"button button--primary button--size-auto article-body-bottom__comment article-body-bottom__comment--write\" style=\"\" rel=\"nofollow noopener\" target=\"_blank\">Kommenteeri<\/a><a href=\"https:\/\/sport.delfi.ee\/artikkel\/120602472\/nomme-kalju-tousis-meistriliigas-teisele-kohale\/kommentaarid\" class=\"button button--size-auto article-body-bottom__comment article-body-bottom__comment--read\" style=\"\" rel=\"nofollow noopener\" target=\"_blank\">Loe kommentaare <\/a><\/p>\n","protected":false},"excerpt":{"rendered":"Kalju asis Narvas peetud kohtumist juhtima juba kaheksandal minutil Mihhail Orlovi v\u00e4ravast. Transi olukord muutus veel nukramaks 36.&hellip;\n","protected":false},"author":2,"featured_media":247532,"comment_status":"","ping_status":"","sticky":false,"template":"","format":"standard","meta":{"footnotes":"","_share_on_mastodon":"0"},"categories":[18],"tags":[19273,37,33,35,34,36,161,172,1359,4735,159,158,1549],"class_list":["post-247531","post","type-post","status-publish","format-standard","has-post-thumbnail","category-sport","tag-a-le-coq-premium-liiga","tag-ee","tag-eesti","tag-eesti-keel","tag-estonia","tag-estonian","tag-fc-flora","tag-jalgpall","tag-nomme-kalju","tag-rommi-siht","tag-sport","tag-sports","tag-tallinna-fci-levadia"],"share_on_mastodon":{"url":"https:\/\/pubeurope.com\/@ee\/117061308010783294","error":""},"_links":{"self":[{"href":"https:\/\/www.europesays.com\/ee\/wp-json\/wp\/v2\/posts\/247531","targetHints":{"allow":["GET"]}}],"collection":[{"href":"https:\/\/www.europesays.com\/ee\/wp-json\/wp\/v2\/posts"}],"about":[{"href":"https:\/\/www.europesays.com\/ee\/wp-json\/wp\/v2\/types\/post"}],"author":[{"embeddable":true,"href":"https:\/\/www.europesays.com\/ee\/wp-json\/wp\/v2\/users\/2"}],"replies":[{"embeddable":true,"href":"https:\/\/www.europesays.com\/ee\/wp-json\/wp\/v2\/comments?post=247531"}],"version-history":[{"count":0,"href":"https:\/\/www.europesays.com\/ee\/wp-json\/wp\/v2\/posts\/247531\/revisions"}],"wp:featuredmedia":[{"embeddable":true,"href":"https:\/\/www.europesays.com\/ee\/wp-json\/wp\/v2\/media\/247532"}],"wp:attachment":[{"href":"https:\/\/www.europesays.com\/ee\/wp-json\/wp\/v2\/media?parent=247531"}],"wp:term":[{"taxonomy":"category","embeddable":true,"href":"https:\/\/www.europesays.com\/ee\/wp-json\/wp\/v2\/categories?post=247531"},{"taxonomy":"post_tag","embeddable":true,"href":"https:\/\/www.europesays.com\/ee\/wp-json\/wp\/v2\/tags?post=247531"}],"curies":[{"name":"wp","href":"https:\/\/api.w.org\/{rel}","templated":true}]}}