{"id":247533,"date":"2026-08-08T18:29:11","date_gmt":"2026-08-08T18:29:11","guid":{"rendered":"https:\/\/www.europesays.com\/ee\/247533\/"},"modified":"2026-08-08T18:29:11","modified_gmt":"2026-08-08T18:29:11","slug":"elon-musk-ei-luba-ukrainal-kasutada-starlinki-venemaa-rundamiseks-valismaa","status":"publish","type":"post","link":"https:\/\/www.europesays.com\/ee\/247533\/","title":{"rendered":"Elon Musk ei luba Ukrainal kasutada Starlinki Venemaa r\u00fcndamiseks | V\u00e4lismaa"},"content":{"rendered":"<p>Vision\u00e4\u00e4r ja tehnoloogiaettev\u00f5tja Elon Musk ei ole n\u00f5us, et Ukraina kasutab Starlinki satelliidis\u00fcsteeme Venemaa r\u00fcndamiseks ning leiab, et vaenupooltel on aeg rahu s\u00f5lmida, kirjutab v\u00e4ljaanne The Atlantic.<\/p>\n<p>Eelmisel n\u00e4dalal teatas v\u00e4ljaanne, et Ukraina president Volod\u00f5m\u00f5r Zelenski palus kohtumisel USA presidendi Donald Trumpiga Elon Muskilt abi. Muski ettev\u00f5te SpaceX haldab Starlinki satelliidis\u00fcsteeme.<\/p>\n<p>Arvestades Ukraina \u00f5hut\u00f5rjerakettide nappust soovib Zelenski kasutada Starlinki tulejuhtimiseks raketipatareide vastu, mida Venemaa kasutab ballistiliste rakettide Kiievi ja teiste linnade pihta tulistamiseks.<\/p>\n<p>V\u00e4ljaanne m\u00e4rkis, et Trump pole sellele Zelenski ettepanekule l\u00f5plikku vastust andnud.<\/p>\n<p>Hiljuti Ukraina kaitseministri kohalt tagandatud M\u00f5hhailo Fedorov \u00fcritab samuti Muski poole p\u00f6\u00f6rduda, kuid v\u00e4ljaande allikate s\u00f5nul on Musk seni keeldunud j\u00e4releandmistest ukrainlastele.<\/p>\n<p>&#8220;Praegu pole positiivset otsust,&#8221; \u00fctles \u00fcks allikatest kolmap\u00e4eval.<\/p>\n<p>Aruande kohaselt j\u00e4tkab Musk Fedoroviga vaidlemist Venemaa s\u00f5ja edasise eskaleerimise ohu \u00fcle. Miljard\u00e4r usub, et on aeg rahu s\u00f5lmida.\u00a0<\/p>\n<p>&#8220;Elon kordab pidevalt, et on aeg kokkulepe s\u00f5lmida,&#8221; \u00fctles \u00fcks Fedorovi kaast\u00f6\u00f6tajatest.<\/p>\n<p>President Volod\u00f5m\u00f5r Zelenski teatas hiljuti, et Ukraina h\u00e4vitab Venemaa raketiheitjad, et v\u00e4hendada r\u00fcnnakute m\u00f5ju Ukraina linnadele.<\/p>\n<p>Elon Musk on \u00f6elnud, et Venemaa ei vii oma v\u00e4gesid Ukraina okupeeritud aladelt v\u00e4lja. Ta usub, et s\u00f5ja l\u00f5petamise k\u00fcsimusele tuleks l\u00e4heneda &#8220;pragmaatiliselt&#8221;.<\/p>\n","protected":false},"excerpt":{"rendered":"Vision\u00e4\u00e4r ja tehnoloogiaettev\u00f5tja Elon Musk ei ole n\u00f5us, et Ukraina kasutab Starlinki satelliidis\u00fcsteeme Venemaa r\u00fcndamiseks ning leiab, et&hellip;\n","protected":false},"author":2,"featured_media":247534,"comment_status":"","ping_status":"","sticky":false,"template":"","format":"standard","meta":{"footnotes":"","_share_on_mastodon":"0"},"categories":[14],"tags":[131,130,324,37,33,35,846,34,36,11393,124,1268],"class_list":["post-247533","post","type-post","status-publish","format-standard","has-post-thumbnail","category-ari","tag-ari","tag-business","tag-donald-trump","tag-ee","tag-eesti","tag-eesti-keel","tag-elon-musk","tag-estonia","tag-estonian","tag-starlink","tag-ukraina-soda","tag-volodomor-zelenski"],"share_on_mastodon":{"url":"https:\/\/pubeurope.com\/@ee\/117061311806151277","error":""},"_links":{"self":[{"href":"https:\/\/www.europesays.com\/ee\/wp-json\/wp\/v2\/posts\/247533","targetHints":{"allow":["GET"]}}],"collection":[{"href":"https:\/\/www.europesays.com\/ee\/wp-json\/wp\/v2\/posts"}],"about":[{"href":"https:\/\/www.europesays.com\/ee\/wp-json\/wp\/v2\/types\/post"}],"author":[{"embeddable":true,"href":"https:\/\/www.europesays.com\/ee\/wp-json\/wp\/v2\/users\/2"}],"replies":[{"embeddable":true,"href":"https:\/\/www.europesays.com\/ee\/wp-json\/wp\/v2\/comments?post=247533"}],"version-history":[{"count":0,"href":"https:\/\/www.europesays.com\/ee\/wp-json\/wp\/v2\/posts\/247533\/revisions"}],"wp:featuredmedia":[{"embeddable":true,"href":"https:\/\/www.europesays.com\/ee\/wp-json\/wp\/v2\/media\/247534"}],"wp:attachment":[{"href":"https:\/\/www.europesays.com\/ee\/wp-json\/wp\/v2\/media?parent=247533"}],"wp:term":[{"taxonomy":"category","embeddable":true,"href":"https:\/\/www.europesays.com\/ee\/wp-json\/wp\/v2\/categories?post=247533"},{"taxonomy":"post_tag","embeddable":true,"href":"https:\/\/www.europesays.com\/ee\/wp-json\/wp\/v2\/tags?post=247533"}],"curies":[{"name":"wp","href":"https:\/\/api.w.org\/{rel}","templated":true}]}}