{"id":247541,"date":"2026-08-08T18:40:13","date_gmt":"2026-08-08T18:40:13","guid":{"rendered":"https:\/\/www.europesays.com\/ee\/247541\/"},"modified":"2026-08-08T18:40:13","modified_gmt":"2026-08-08T18:40:13","slug":"omniva-asus-klientide-pakke-kumnete-kilomeetrite-kaugusele-umber-suunama-2","status":"publish","type":"post","link":"https:\/\/www.europesays.com\/ee\/247541\/","title":{"rendered":"Omniva asus klientide pakke k\u00fcmnete kilomeetrite kaugusele \u00fcmber suunama"},"content":{"rendered":"<p>Kui pakiautomaat on t\u00e4is, suunavad pakifirmad sageli saadetise m\u00f5nda teise l\u00e4hedalasuvasse automaati. Paraku otsustas <a rel=\"noopener nofollow\" target=\"_blank\" href=\"https:\/\/www.delfi.ee\/teema\/68811455\/omniva\" tag-id=\"68811455\">Omniva<\/a> sel suvel kiirema teeninduse nimel saata n\u00e4iteks Tapale tellitud paki 35 kilomeetrit eemal asuvasse Rakverre v\u00f5i Treimani k\u00fcla asemel 20 kilomeetri kaugusele H\u00e4\u00e4demeestele.<\/p>\n<p>Omniva Eesti jaotus- ja postiv\u00f5rgu juht Lylian Peek p\u00f5hjendab pakkide \u00fcmbersuunamist suurte mahtude ja kiirema teenindusega.<\/p>\n<p>\u201ePakke suunatakse tegelikult \u00fcmber suhteliselt harva. Kui vaadata n\u00fc\u00fcd Omniva mahtusid, mis meil p\u00e4eva jooksul on, et meie sorteerimisliin sorteerib p\u00e4eva jooksul umbes 200 000 pakki, siis nendest \u00fcks protsent l\u00e4heb \u00fcmber suunamisele. Kui n\u00fc\u00fcd t\u00e4psustada, siis 0,8 on see t\u00e4pne protsent, mis l\u00e4heb \u00fcmber suunamisele. \u00dcmber suunamist tehakse selle j\u00e4rgi, et meie sorteerimisprotsess k\u00e4ib l\u00e4bi automatiseeritud sorteerimisliini. Kui pakk l\u00e4heb sorteerimisliinile, siis sorteerimisliin v\u00f5tab aluseks k\u00f5ik sellised, mis on paki peal olev aadress. K\u00fcll aga on inimestel alati v\u00f5imalik valida endale eelistused, esimese eelistuse ja teise eelistuse, et siis m\u00e4\u00e4rata \u00e4ra, et milline pakiautomaat on tema lemmik,\u201c r\u00e4\u00e4kis Peek.<\/p>\n<p>Kuidas see lugu Sind end tundma pani?Saada<a href=\"https:\/\/arileht.delfi.ee\/a\/120602430\/omniva-asus-klientide-pakke-kumnete-kilomeetrite-kaugusele-umber-suunama\/kommentaarid\" class=\"button button--primary button--size-auto article-body-bottom__comment article-body-bottom__comment--write\" style=\"\" rel=\"nofollow noopener\" target=\"_blank\">Kommenteeri<\/a><a href=\"https:\/\/arileht.delfi.ee\/a\/120602430\/omniva-asus-klientide-pakke-kumnete-kilomeetrite-kaugusele-umber-suunama\/kommentaarid\" class=\"button button--size-auto article-body-bottom__comment article-body-bottom__comment--read\" style=\"\" rel=\"nofollow noopener\" target=\"_blank\">Loe kommentaare (27)<\/a><\/p>\n","protected":false},"excerpt":{"rendered":"Kui pakiautomaat on t\u00e4is, suunavad pakifirmad sageli saadetise m\u00f5nda teise l\u00e4hedalasuvasse automaati. Paraku otsustas Omniva sel suvel kiirema&hellip;\n","protected":false},"author":2,"featured_media":247542,"comment_status":"","ping_status":"","sticky":false,"template":"","format":"standard","meta":{"footnotes":"","_share_on_mastodon":"0"},"categories":[14],"tags":[131,130,37,33,35,34,36,254,3388],"class_list":["post-247541","post","type-post","status-publish","format-standard","has-post-thumbnail","category-ari","tag-ari","tag-business","tag-ee","tag-eesti","tag-eesti-keel","tag-estonia","tag-estonian","tag-omniva","tag-pakiautomaadid"],"share_on_mastodon":{"url":"https:\/\/pubeurope.com\/@ee\/117061355064699586","error":""},"_links":{"self":[{"href":"https:\/\/www.europesays.com\/ee\/wp-json\/wp\/v2\/posts\/247541","targetHints":{"allow":["GET"]}}],"collection":[{"href":"https:\/\/www.europesays.com\/ee\/wp-json\/wp\/v2\/posts"}],"about":[{"href":"https:\/\/www.europesays.com\/ee\/wp-json\/wp\/v2\/types\/post"}],"author":[{"embeddable":true,"href":"https:\/\/www.europesays.com\/ee\/wp-json\/wp\/v2\/users\/2"}],"replies":[{"embeddable":true,"href":"https:\/\/www.europesays.com\/ee\/wp-json\/wp\/v2\/comments?post=247541"}],"version-history":[{"count":0,"href":"https:\/\/www.europesays.com\/ee\/wp-json\/wp\/v2\/posts\/247541\/revisions"}],"wp:featuredmedia":[{"embeddable":true,"href":"https:\/\/www.europesays.com\/ee\/wp-json\/wp\/v2\/media\/247542"}],"wp:attachment":[{"href":"https:\/\/www.europesays.com\/ee\/wp-json\/wp\/v2\/media?parent=247541"}],"wp:term":[{"taxonomy":"category","embeddable":true,"href":"https:\/\/www.europesays.com\/ee\/wp-json\/wp\/v2\/categories?post=247541"},{"taxonomy":"post_tag","embeddable":true,"href":"https:\/\/www.europesays.com\/ee\/wp-json\/wp\/v2\/tags?post=247541"}],"curies":[{"name":"wp","href":"https:\/\/api.w.org\/{rel}","templated":true}]}}