{"id":247543,"date":"2026-08-08T18:42:13","date_gmt":"2026-08-08T18:42:13","guid":{"rendered":"https:\/\/www.europesays.com\/ee\/247543\/"},"modified":"2026-08-08T18:42:13","modified_gmt":"2026-08-08T18:42:13","slug":"galerii-%e2%9f%a9-pikk-jarjekord-hea-jarjekord-toidu-ja-veinifestival-toi-tartu-sudalinna-rahvast-tais","status":"publish","type":"post","link":"https:\/\/www.europesays.com\/ee\/247543\/","title":{"rendered":"GALERII \u27e9 \u00abPikk j\u00e4rjekord, hea j\u00e4rjekord.\u00bb Toidu- ja veinifestival t\u00f5i Tartu s\u00fcdalinna rahvast t\u00e4is"},"content":{"rendered":"<p>Tartu s\u00fcdalinn t\u00e4itus reedel ja laup\u00e4eval toidu- ja veininautlejatega. K\u00fc\u00fcni t\u00e4naval sai valida toiduautode ja pop-up-restoranide vahel. Barclay pargi \u00fcles seatud veinialal aga proovida k\u00fcmnete pakkujate veine.<\/p>\n<p class=\"isSelectedEnd\">Fii restorani pop-up&#8217;i lauad olid laup\u00e4eva \u00f5htul suuresti h\u00f5ivatud ning restorani juhi Helen Lokko s\u00f5nul oli m\u00fc\u00fck l\u00e4inud m\u00f5lemal p\u00e4eval v\u00e4ga h\u00e4sti.<\/p>\n","protected":false},"excerpt":{"rendered":"Tartu s\u00fcdalinn t\u00e4itus reedel ja laup\u00e4eval toidu- ja veininautlejatega. K\u00fc\u00fcni t\u00e4naval sai valida toiduautode ja pop-up-restoranide vahel. Barclay&hellip;\n","protected":false},"author":2,"featured_media":247544,"comment_status":"","ping_status":"","sticky":false,"template":"","format":"standard","meta":{"footnotes":"","_share_on_mastodon":"0"},"categories":[12],"tags":[97600,26,27,37,33,35,34,36,31,32,45409,97596,21,28,29,97599,19,21799,25,21271,97598,97597,23,24,22,20,60468,30],"class_list":["post-247543","post","type-post","status-publish","format-standard","has-post-thumbnail","category-eesti","tag-boom-burger","tag-breaking-news","tag-breakingnews","tag-ee","tag-eesti","tag-eesti-keel","tag-estonia","tag-estonian","tag-featured-news","tag-featurednews","tag-festivalid","tag-fii-restoran","tag-headlines","tag-latest-news","tag-latestnews","tag-momention-eesti","tag-news","tag-pop-up-restoran","tag-populaarseimad-lood","tag-tanavatoit","tag-tartu-toidu-ja-veinifestival","tag-toiduauto","tag-top-stories","tag-topstories","tag-uldised-uudised","tag-uudised","tag-veinikultuur","tag-viimased-uudised"],"share_on_mastodon":{"url":"https:\/\/pubeurope.com\/@ee\/117061362841518227","error":""},"_links":{"self":[{"href":"https:\/\/www.europesays.com\/ee\/wp-json\/wp\/v2\/posts\/247543","targetHints":{"allow":["GET"]}}],"collection":[{"href":"https:\/\/www.europesays.com\/ee\/wp-json\/wp\/v2\/posts"}],"about":[{"href":"https:\/\/www.europesays.com\/ee\/wp-json\/wp\/v2\/types\/post"}],"author":[{"embeddable":true,"href":"https:\/\/www.europesays.com\/ee\/wp-json\/wp\/v2\/users\/2"}],"replies":[{"embeddable":true,"href":"https:\/\/www.europesays.com\/ee\/wp-json\/wp\/v2\/comments?post=247543"}],"version-history":[{"count":0,"href":"https:\/\/www.europesays.com\/ee\/wp-json\/wp\/v2\/posts\/247543\/revisions"}],"wp:featuredmedia":[{"embeddable":true,"href":"https:\/\/www.europesays.com\/ee\/wp-json\/wp\/v2\/media\/247544"}],"wp:attachment":[{"href":"https:\/\/www.europesays.com\/ee\/wp-json\/wp\/v2\/media?parent=247543"}],"wp:term":[{"taxonomy":"category","embeddable":true,"href":"https:\/\/www.europesays.com\/ee\/wp-json\/wp\/v2\/categories?post=247543"},{"taxonomy":"post_tag","embeddable":true,"href":"https:\/\/www.europesays.com\/ee\/wp-json\/wp\/v2\/tags?post=247543"}],"curies":[{"name":"wp","href":"https:\/\/api.w.org\/{rel}","templated":true}]}}