{"id":247573,"date":"2026-08-08T20:34:14","date_gmt":"2026-08-08T20:34:14","guid":{"rendered":"https:\/\/www.europesays.com\/ee\/247573\/"},"modified":"2026-08-08T20:34:14","modified_gmt":"2026-08-08T20:34:14","slug":"tanaku-avarii-klaperjahil-toi-esile-jarveoja-spordimehelikkuse","status":"publish","type":"post","link":"https:\/\/www.europesays.com\/ee\/247573\/","title":{"rendered":"T\u00e4naku avarii Klaperjahil t\u00f5i esile J\u00e4rveoja spordimehelikkuse"},"content":{"rendered":"<p class=\"text-muted-foreground text-[15px] leading-relaxed\">Maailmameistrid Ott T\u00e4nak ja Martin J\u00e4rveoja pakkusid Lagujali Klaperjahil haruldase vaatepildi, kui T\u00e4naku masin Suur T\u00f5ll takistusel \u00fcmber paiskus ja J\u00e4rveoja talle koheselt appi t\u00f5ttas, r\u00f5hutades spordimehelikkuse olulisust tihedas konkurentsis.<\/p>\n<p><a class=\"border-border\/60 hover:border-foreground\/30 focus-visible:ring-foreground\/30 mt-3 flex items-center justify-between gap-3 border px-3 py-2 font-mono text-[10px] font-medium uppercase tracking-wide transition-colors duration-150 focus-visible:outline-none focus-visible:ring-2\" data-sentry-element=\"Link\" data-sentry-component=\"StoryCirculationTeaser\" data-sentry-source-file=\"StoryCirculation.tsx\" href=\"https:\/\/shortl.ee\/et\/estonia\" rel=\"nofollow noopener\" target=\"_blank\">T\u00c4NA \u00b7 6 LUGUVaata \u00fcle<\/a><\/p>\n<ul class=\"space-y-3 text-[15px] leading-relaxed\">\n<li class=\"flex gap-3\">\u2014Ott T\u00e4nak ja Martin J\u00e4rveoja, 2019. aasta autoralli maailmameistrid, v\u00f5istlesid omavahel Klaperjahi offroad-festivalil Lagujalil, Eestis.<\/li>\n<li class=\"flex gap-3\">\u2014T\u00e4nak, kes juhtis s\u00f5idukit nimega Suur T\u00f5ll koos kaardilugeja Henri Rumpiga, rullus \u00fche takistuse \u00fcletamisel \u00fcle katuse, kuid suutis s\u00f5iduki J\u00e4rveoja abiga uuesti p\u00fcsti saada.<\/li>\n<li class=\"flex gap-3\">\u2014J\u00e4rveoja, kelle partneriks oli Karlis Rump, juhtis Jeep Wranglerit TR1 klassis.<\/li>\n<li class=\"flex gap-3\">\u2014TR1 klassis osales ka Andreas Bakkerud, kolmekordne rallikrossi Euroopa meister.<\/li>\n<li class=\"flex gap-3\">\u201425. korda toimuv Klaperjahi offroad-festival h\u00f5lmab erinevaid klasse, nagu TR1, TR2, TR3, veoautod, ATV-d ja Enduro.<\/li>\n<\/ul>\n","protected":false},"excerpt":{"rendered":"Maailmameistrid Ott T\u00e4nak ja Martin J\u00e4rveoja pakkusid Lagujali Klaperjahil haruldase vaatepildi, kui T\u00e4naku masin Suur T\u00f5ll takistusel \u00fcmber&hellip;\n","protected":false},"author":2,"featured_media":247574,"comment_status":"","ping_status":"","sticky":false,"template":"","format":"standard","meta":{"footnotes":"","_share_on_mastodon":"0"},"categories":[5],"tags":[7088,26,27,37,33,35,34,36,31,32,21,97446,97609,28,29,1524,19,97607,1523,25,2828,97608,159,23,24,22,20,30,1516],"class_list":["post-247573","post","type-post","status-publish","format-standard","has-post-thumbnail","category-uldised-uudised","tag-avarii","tag-breaking-news","tag-breakingnews","tag-ee","tag-eesti","tag-eesti-keel","tag-estonia","tag-estonian","tag-featured-news","tag-featurednews","tag-headlines","tag-klaperjaht","tag-lagujal","tag-latest-news","tag-latestnews","tag-martin-jarveoja","tag-news","tag-offroad","tag-ott-tanak","tag-populaarseimad-lood","tag-ralli","tag-spordimehelikkus","tag-sport","tag-top-stories","tag-topstories","tag-uldised-uudised","tag-uudised","tag-viimased-uudised","tag-voistlus"],"share_on_mastodon":{"url":"https:\/\/pubeurope.com\/@ee\/117061803359234556","error":""},"_links":{"self":[{"href":"https:\/\/www.europesays.com\/ee\/wp-json\/wp\/v2\/posts\/247573","targetHints":{"allow":["GET"]}}],"collection":[{"href":"https:\/\/www.europesays.com\/ee\/wp-json\/wp\/v2\/posts"}],"about":[{"href":"https:\/\/www.europesays.com\/ee\/wp-json\/wp\/v2\/types\/post"}],"author":[{"embeddable":true,"href":"https:\/\/www.europesays.com\/ee\/wp-json\/wp\/v2\/users\/2"}],"replies":[{"embeddable":true,"href":"https:\/\/www.europesays.com\/ee\/wp-json\/wp\/v2\/comments?post=247573"}],"version-history":[{"count":0,"href":"https:\/\/www.europesays.com\/ee\/wp-json\/wp\/v2\/posts\/247573\/revisions"}],"wp:featuredmedia":[{"embeddable":true,"href":"https:\/\/www.europesays.com\/ee\/wp-json\/wp\/v2\/media\/247574"}],"wp:attachment":[{"href":"https:\/\/www.europesays.com\/ee\/wp-json\/wp\/v2\/media?parent=247573"}],"wp:term":[{"taxonomy":"category","embeddable":true,"href":"https:\/\/www.europesays.com\/ee\/wp-json\/wp\/v2\/categories?post=247573"},{"taxonomy":"post_tag","embeddable":true,"href":"https:\/\/www.europesays.com\/ee\/wp-json\/wp\/v2\/tags?post=247573"}],"curies":[{"name":"wp","href":"https:\/\/api.w.org\/{rel}","templated":true}]}}