{"id":247615,"date":"2026-08-08T22:58:31","date_gmt":"2026-08-08T22:58:31","guid":{"rendered":"https:\/\/www.europesays.com\/ee\/247615\/"},"modified":"2026-08-08T22:58:31","modified_gmt":"2026-08-08T22:58:31","slug":"kiriku-varahaldus-kurdab-volgnike-ule-ja-planeerib-suuri-kinnisvaraarendusi-tallinna-sudalinnas-2","status":"publish","type":"post","link":"https:\/\/www.europesays.com\/ee\/247615\/","title":{"rendered":"Kiriku Varahaldus kurdab v\u00f5lgnike \u00fcle ja planeerib suuri kinnisvaraarendusi Tallinna s\u00fcdalinnas"},"content":{"rendered":"<p>Sarnaselt eelmistele aastatele oli majandustulemuste peamiseks m\u00f5jutajaks kehv olukord Eesti majanduses, mis avaldas m\u00f5ju klientide \u00fcldisele kindlustundele ja \u00fc\u00fcripindade h\u00f5ivatusele. Ettev\u00f5te nendib aruandes, et osade lepingupartnerite maksedistsipliin ja maksev\u00f5ime j\u00e4ttis soovida, mis v\u00e4ljendus kasvanud vakantsis, kahanenud m\u00fc\u00fcgitulus ning suurenenud laekumata arvete summas.<\/p>\n<p>Vaatamata keerulisele keskkonnale suutis ettev\u00f5te l\u00f5petada 2025. aasta 17 830 euro suuruse kasumiga, samas kui aasta varem kanti 12 410 eurot kahjumit. Ettev\u00f5tte m\u00fc\u00fcgitulu oli mullu 1 312 640 eurot, mis on veidi enam kui 2024. aasta 1 297 997 eurot. Juhtkond peab prognoosimatus majanduskeskkonnas saavutatud tulemust rahuldavaks ning kinnitab, et ettev\u00f5tte pikaajaline j\u00e4tkusuutlikkus ei ole kahtluse all. K\u00f5ik kohustused krediidiasutuste ja omaniku ees t\u00e4ideti t\u00e4ies mahus.<\/p>\n<p>Osa\u00fchingu peamiseks sissetulekuallikaks on endiselt kinnisvara haldamine eesm\u00e4rgiga teenida tulu pikaajalise \u00fc\u00fcrimise ja rentimise kaudu. Ettev\u00f5tte portfelli kuuluvad \u00e4ripinnad Tallinnas, n\u00e4iteks Kentmanni 6, Tatari 25, Maakri 29, Tehnika 115 ja Lastekodu 6a \u2013 ning J\u00f5hvis asuv Rakvere 8 hoone. Lisaks hallatakse hooneid aadressidel Kiriku plats 3 ja Magdaleena 12 ning paari pealinna korterit.<\/p>\n<p>Pikaajalise tulu tagamiseks ja portfelli kasvatamiseks vaatab Kiriku Varahaldus aktiivselt uute arenduste poole. \u00dcks ambitsioonikamaid neist asub Tallinna s\u00fcdalinnas Maakri kvartalis. Majandusaasta aruandes on toodud oluline m\u00e4rk, et Maakri t\u00e4nava k\u00f5rghoone detailplaneering on n\u00fc\u00fcdseks kehtestatud.<\/p>\n<p>Avalikest uudistest ja Tallinna linnavalitsuse otsustest selgub aga detailsem pilt: nimelt kehtestati 2025. aasta jaanuaris enam kui k\u00fcmme aastat oodatud detailplaneering, mis annab rohelise tule rajada Maakri ja Lennuki t\u00e4nava nurgale lausa kuni 120 meetri k\u00f5rgune ja 36 korrusega elu- ning \u00e4rihoone. Hoonesse planeeritakse mitmek\u00fclgseid avalikke ruume ning j\u00e4rgmise sammuna ootab ees arhitektuuriv\u00f5istlus, mis paneb paika ehitise t\u00e4psema ilme. EELK peapiiskop Urmas Viilma on m\u00e4rkinud, et arenduse pikaajaline eesm\u00e4rk on tuua kirikule tulevikus rahalist leevendust, mis toetaks igap\u00e4evast vaimulikku teenimist ja koguduste t\u00f6\u00f6d.<\/p>\n<p>Teise olulise projektina tuuakse majandusaruandes esile Tartu mnt 16a asuv \u00e4rihoone, mille planeeringute ja arendusideedega tehakse hetkel samuti aktiivselt t\u00f6\u00f6d. Tegemist on \u00fchiskondlike ehitiste sihtotstarbega maaga otse Maakri kvartali vahetus l\u00e4heduses asuva Tartu maantee \u00e4\u00e4res. <\/p>\n<p>Lisaks mainitud kahele s\u00fcdalinna suurprojektile j\u00e4tkatakse t\u00f6\u00f6d ka v\u00e4iksemate kinnisvaraarendustega \u2013 n\u00e4iteks on teoksil Tehnika 115 arendus ja Kristiina tn 10 elumaja planeering Tallinnas ning Pargi 15 arendusideed Haapsalus.<\/p>\n<p>Kuidas see lugu Sind end tundma pani?Saada<a href=\"https:\/\/arileht.delfi.ee\/a\/120602313\/kiriku-varahaldus-kurdab-volgnike-ule-ja-planeerib-suuri-kinnisvaraarendusi-tallinna-sudalinnas\/kommentaarid\" class=\"button button--primary button--size-auto article-body-bottom__comment article-body-bottom__comment--write\" style=\"\" rel=\"nofollow noopener\" target=\"_blank\">Kommenteeri<\/a><a href=\"https:\/\/arileht.delfi.ee\/a\/120602313\/kiriku-varahaldus-kurdab-volgnike-ule-ja-planeerib-suuri-kinnisvaraarendusi-tallinna-sudalinnas\/kommentaarid\" class=\"button button--size-auto article-body-bottom__comment article-body-bottom__comment--read\" style=\"\" rel=\"nofollow noopener\" target=\"_blank\">Loe kommentaare (43)<\/a><\/p>\n","protected":false},"excerpt":{"rendered":"Sarnaselt eelmistele aastatele oli majandustulemuste peamiseks m\u00f5jutajaks kehv olukord Eesti majanduses, mis avaldas m\u00f5ju klientide \u00fcldisele kindlustundele ja&hellip;\n","protected":false},"author":2,"featured_media":247616,"comment_status":"","ping_status":"","sticky":false,"template":"","format":"standard","meta":{"footnotes":"","_share_on_mastodon":"0"},"categories":[12],"tags":[26,27,37,29031,33,35,34,36,31,32,21,97508,28,29,61716,19,25,23,24,22,20,30],"class_list":["post-247615","post","type-post","status-publish","format-standard","has-post-thumbnail","category-eesti","tag-breaking-news","tag-breakingnews","tag-ee","tag-eelk","tag-eesti","tag-eesti-keel","tag-estonia","tag-estonian","tag-featured-news","tag-featurednews","tag-headlines","tag-kiriku-varahaldus","tag-latest-news","tag-latestnews","tag-maakri-kvartal","tag-news","tag-populaarseimad-lood","tag-top-stories","tag-topstories","tag-uldised-uudised","tag-uudised","tag-viimased-uudised"],"share_on_mastodon":{"url":"https:\/\/pubeurope.com\/@ee\/117062369430446490","error":""},"_links":{"self":[{"href":"https:\/\/www.europesays.com\/ee\/wp-json\/wp\/v2\/posts\/247615","targetHints":{"allow":["GET"]}}],"collection":[{"href":"https:\/\/www.europesays.com\/ee\/wp-json\/wp\/v2\/posts"}],"about":[{"href":"https:\/\/www.europesays.com\/ee\/wp-json\/wp\/v2\/types\/post"}],"author":[{"embeddable":true,"href":"https:\/\/www.europesays.com\/ee\/wp-json\/wp\/v2\/users\/2"}],"replies":[{"embeddable":true,"href":"https:\/\/www.europesays.com\/ee\/wp-json\/wp\/v2\/comments?post=247615"}],"version-history":[{"count":0,"href":"https:\/\/www.europesays.com\/ee\/wp-json\/wp\/v2\/posts\/247615\/revisions"}],"wp:featuredmedia":[{"embeddable":true,"href":"https:\/\/www.europesays.com\/ee\/wp-json\/wp\/v2\/media\/247616"}],"wp:attachment":[{"href":"https:\/\/www.europesays.com\/ee\/wp-json\/wp\/v2\/media?parent=247615"}],"wp:term":[{"taxonomy":"category","embeddable":true,"href":"https:\/\/www.europesays.com\/ee\/wp-json\/wp\/v2\/categories?post=247615"},{"taxonomy":"post_tag","embeddable":true,"href":"https:\/\/www.europesays.com\/ee\/wp-json\/wp\/v2\/tags?post=247615"}],"curies":[{"name":"wp","href":"https:\/\/api.w.org\/{rel}","templated":true}]}}