{"id":247647,"date":"2026-08-09T03:49:09","date_gmt":"2026-08-09T03:49:09","guid":{"rendered":"https:\/\/www.europesays.com\/ee\/247647\/"},"modified":"2026-08-09T03:49:09","modified_gmt":"2026-08-09T03:49:09","slug":"venemaal-belgorodis-puhkesid-vaidetava-ukraina-droonirunnaku-jarel-polengud-valismaa","status":"publish","type":"post","link":"https:\/\/www.europesays.com\/ee\/247647\/","title":{"rendered":"Venemaal Belgorodis puhkesid v\u00e4idetava Ukraina droonir\u00fcnnaku j\u00e4rel p\u00f5lengud | V\u00e4lismaa"},"content":{"rendered":"<p>Sotsiaalmeediakanalite teatel korraldas Ukraina s\u00f5jav\u00e4gi \u00f6\u00f6l vastu p\u00fchap\u00e4eva Venemaal asuvale Belgorodi linnale laiaulatusliku droonir\u00fcnnaku.<\/p>\n<p>Sotsiaalmeedias levivatelt fotodelt ja videotelt on n\u00e4ha linna kortermajades puhkenud p\u00f5lenguid. Teadete kohaselt sai mitu hoonet ulatuslikke kahjustusi.<\/p>\n<p>Ehkki r\u00fcnnaku sihtm\u00e4rk on ebaselge, asus s\u00f5ltumatu kanali ASTRA teatel kolme kahjustatud hoone vahel FSB piirkondlik peakorter. Veel \u00fcks tabamuse saanud hoone asub Belgorodi soojuselektrijaamast umbes 600 meetri kaugusel.<\/p>\n<p>Belgorodi oblasti kuberneri kohuset\u00e4itja Aleksandr \u0160uvajevi v\u00e4itel sai Ukraina r\u00fcnnakus vigastada 13 inimest.<\/p>\n<p>V\u00e4ljaandel Kyiv Independent ei \u00f5nnestunud neid teateid ega Vene ametnike v\u00e4iteid s\u00f5ltumatult kinnitada. Ukraina relvaj\u00f5ud ei ole r\u00fcnnakut kommenteerinud.<\/p>\n<p>Rindejoone l\u00e4heduse t\u00f5ttu on Belgorodi linn olnud sageli Ukraina r\u00fcnnakute sihtm\u00e4rgiks. Linn asub Ukraina kirdepiirist k\u00f5igest 34 kilomeetri ja Ukraina linnast Harkivist ligikaudu 70 kilomeetri kaugusel.<\/p>\n<p>Ukraina kriitilise \u00f5hut\u00f5rjepuuduse taustal on Vene v\u00e4ed viimastel n\u00e4dalatel hoogustanud Ukraina linnade r\u00fcndamist ballistiliste rakettidega.<\/p>\n<p>\u00d6\u00f6l vastu laup\u00e4eva r\u00fcndas Venemaa Kiievit ja selle l\u00e4hi\u00fcmbrust. R\u00fcnnakus hukkus neli inimest, sealhulgas kolmeaastane laps, ning veel kaheksa sai vigastada.<\/p>\n<p>Zelenski vihjas, et Ukraina j\u00e4tkab Venemaa logistika r\u00fcndamist<\/p>\n<p>Ukraina president Volod\u00f5m\u00f5r Zelenski v\u00e4ljendas laup\u00e4eval rahulolu 40-p\u00e4evase operatsiooniga, mille eesm\u00e4rk oli survestada Venemaad s\u00f5da l\u00f5petama. Ta vihjas, et Ukraina j\u00e4tkab Venemaa logistika r\u00fcndamist ka p\u00e4rast selle perioodi l\u00f5ppu, vahendas Kyiv Independent.<\/p>\n<p>Zelenski andis juuni l\u00f5pus Ukraina julgeolekuteenistusele (SBU) \u00fclesande k\u00e4ivitada 40-p\u00e4evane operatsioon, mille kulminatsiooniks oli okupeeritud Krimmile varustust tarnivate k\u00fcmnete Vene tankerite tegevuse halvamine ning e-kaubanduse hiiule Wildberries kuuluvate ladude h\u00e4vitamine \u00fcle kogu riigi.<\/p>\n<p>Kampaania tegeliku sisu kohta oli teavet v\u00e4he kuni selle l\u00f5puni, mil SBU tegi 4. augustil avalduse, milles selgitati meetmeid, mis ametkonna s\u00f5nul olid kampaania osaks. Avalduse kohaselt oli see &#8220;suunatud Vene s\u00f5jamasina v\u00f5tmeelementide samaaegsele n\u00f5rgestamisele&#8221;.<\/p>\n<p>&#8220;Ma olen t\u00e4iesti rahul. Meie logistiliste vastumeetmete p\u00f5hjal m\u00f5istame, kui palju nad on kaotanud; neil on suuri probleeme,&#8221; \u00fctles Zelenski pikemas intervjuus Ukraina televisioonile.<\/p>\n<p>&#8220;P\u00e4rast seda, kui nad hakkasid meie logistikat r\u00fcndama, leidsime vastuse. Seal kantud kahjud on \u0161okeerivad \u2013 \u00fcks triljon rubla (\u00fcle 10 miljardi euro). See oli Ukraina v\u00e4gede poolt v\u00e4ga edukalt l\u00e4bi viidud operatsioon,&#8221; lisas president.<\/p>\n<p>Kuigi Venemaa t\u00e4iemahulist s\u00f5da ei suudetud l\u00f5petada, \u00fctlesid operatsiooni plaanidega kursis olevad Ukraina ametnikud varem Kyiv Independentile, et \u00fcks operatsiooni peamisi poliitilisi eesm\u00e4rke oli vaadata kaugemale kui v\u00e4lja kuulutatud 40 p\u00e4evast \u2013 sundida venelasi s\u00f5ja tagaj\u00e4rgi otsesemalt kogema, et m\u00f5jutada septembris toimuvaid valimisi.<\/p>\n<p>Oma usutluses viitas Zelenski s\u00f5ja m\u00f5jule Venemaa elanikkonna jaoks. Ta esitas vihjeid, et r\u00fcnnakud Venemaa logistika vastu j\u00e4tkuvad.<\/p>\n<p>&#8220;Nad on juba pikka aega lubanud endale r\u00fcnnata mittes\u00f5jalisi sihtm\u00e4rke ja nad peavad teadma, et Ukraina r\u00fcndab s\u00f5jalisi sihtm\u00e4rke. Aga kui nad j\u00e4tkavad, siis me teame k\u00f5iki nende n\u00f5rku kohti&#8230; Alates Venemaa agressiooni algusest pole meil olnud normaalset elu ega selliseid harjumusi. Venemaa seda ei tunne. On selge, et kaup, mis logistikaprobleemide t\u00f5ttu ei j\u00f5ua Vene tavatarbijateni, avaldab m\u00f5istetavalt m\u00f5ju ka Venemaa elanikele,&#8221; \u00fctles Zelenski.<\/p>\n<p>&#8220;Ma ei soovitaks Venemaal j\u00e4tkata Ukraina logistikaobjektide r\u00fcndamist, sest oleme p\u00f5hjalikult uurinud, kuidas Venemaa logistika toimib,&#8221; lisas ta.<\/p>\n<p>Samal ajal, kui Ukraina p\u00fc\u00fcab r\u00fcnnata logistikaobjekte, on Venemaa hoogustanud oma r\u00fcnnakuid Ukraina linnadele. Samal ajal seisab Ukraina silmitsi \u00f5hut\u00f5rjes\u00fcsteemide nappusega.<\/p>\n","protected":false},"excerpt":{"rendered":"Sotsiaalmeediakanalite teatel korraldas Ukraina s\u00f5jav\u00e4gi \u00f6\u00f6l vastu p\u00fchap\u00e4eva Venemaal asuvale Belgorodi linnale laiaulatusliku droonir\u00fcnnaku. Sotsiaalmeedias levivatelt fotodelt ja&hellip;\n","protected":false},"author":2,"featured_media":247648,"comment_status":"","ping_status":"","sticky":false,"template":"","format":"standard","meta":{"footnotes":"","_share_on_mastodon":"0"},"categories":[80],"tags":[5472,26,27,404,37,33,35,34,36,31,32,21,28,29,95,19,25,23,24,262,22,20,96,30,1268,92,93,94],"class_list":["post-247647","post","type-post","status-publish","format-standard","has-post-thumbnail","category-maailm","tag-belgorod","tag-breaking-news","tag-breakingnews","tag-droon","tag-ee","tag-eesti","tag-eesti-keel","tag-estonia","tag-estonian","tag-featured-news","tag-featurednews","tag-headlines","tag-latest-news","tag-latestnews","tag-maailm","tag-news","tag-populaarseimad-lood","tag-top-stories","tag-topstories","tag-ukraina","tag-uldised-uudised","tag-uudised","tag-venemaa","tag-viimased-uudised","tag-volodomor-zelenski","tag-world","tag-world-news","tag-worldnews"],"share_on_mastodon":{"url":"https:\/\/pubeurope.com\/@ee\/117063513754354353","error":""},"_links":{"self":[{"href":"https:\/\/www.europesays.com\/ee\/wp-json\/wp\/v2\/posts\/247647","targetHints":{"allow":["GET"]}}],"collection":[{"href":"https:\/\/www.europesays.com\/ee\/wp-json\/wp\/v2\/posts"}],"about":[{"href":"https:\/\/www.europesays.com\/ee\/wp-json\/wp\/v2\/types\/post"}],"author":[{"embeddable":true,"href":"https:\/\/www.europesays.com\/ee\/wp-json\/wp\/v2\/users\/2"}],"replies":[{"embeddable":true,"href":"https:\/\/www.europesays.com\/ee\/wp-json\/wp\/v2\/comments?post=247647"}],"version-history":[{"count":0,"href":"https:\/\/www.europesays.com\/ee\/wp-json\/wp\/v2\/posts\/247647\/revisions"}],"wp:featuredmedia":[{"embeddable":true,"href":"https:\/\/www.europesays.com\/ee\/wp-json\/wp\/v2\/media\/247648"}],"wp:attachment":[{"href":"https:\/\/www.europesays.com\/ee\/wp-json\/wp\/v2\/media?parent=247647"}],"wp:term":[{"taxonomy":"category","embeddable":true,"href":"https:\/\/www.europesays.com\/ee\/wp-json\/wp\/v2\/categories?post=247647"},{"taxonomy":"post_tag","embeddable":true,"href":"https:\/\/www.europesays.com\/ee\/wp-json\/wp\/v2\/tags?post=247647"}],"curies":[{"name":"wp","href":"https:\/\/api.w.org\/{rel}","templated":true}]}}