{"id":247679,"date":"2026-08-09T06:10:22","date_gmt":"2026-08-09T06:10:22","guid":{"rendered":"https:\/\/www.europesays.com\/ee\/247679\/"},"modified":"2026-08-09T06:10:22","modified_gmt":"2026-08-09T06:10:22","slug":"kahju-kubassova-rugas-jalle-taismangu-aga-euroopas-ei-jatka-soccernet-ee","status":"publish","type":"post","link":"https:\/\/www.europesays.com\/ee\/247679\/","title":{"rendered":"Kahju! Kubassova r\u00fcgas j\u00e4lle t\u00e4ism\u00e4ngu, aga Euroopas ei j\u00e4tka &#8211; Soccernet.ee"},"content":{"rendered":"<p><img decoding=\"async\" src=\"https:\/\/www.europesays.com\/ee\/wp-content\/uploads\/2026\/08\/1786184401.jpeg\" alt=\"Vlada Kubassova heitles Euroopas t\u00e4ism\u00e4ngud. Foto: FTC N\u00f6i Labdarugas \/ Facebook\"\/>&#13;\n<\/p>\n<p>Vlada Kubassova ja Ferencvarose euroteekond sai teise kaotuse j\u00e4rel l\u00f5pu.<\/p>\n<p>Meistrite liiga teises eelringis v\u00f5\u00f5rustas Eesti koondise r\u00fcndem\u00e4ngija Vlada Kubassova koduklubi Ferencvaros miniturniiri, mis algas poolfinaaliga. Tihe andmine PAOK-iga vajas l\u00f5puks lisaaega, mis l\u00f5ppes kreeklaste 3:2 v\u00f5iduga. See t\u00e4hendas langemist kolmanda koha mat\u0161i pidama Kosovost p\u00e4rit Mitrovica vastu.&#13;\n<\/p>\n<p>Ka selles kohtumises oli Kubassova p\u00f5hikoosseisus, kuid esimese hooga ei saadud r\u00fcnnakut l\u00f5puni k\u00e4ima. 68. minutil p\u00e4\u00e4ses Ferencvaros Dorottya Czelleri v\u00e4ravast l\u00f5puks juhtima, ent pidi siis ikkagi langema: Mitrovica v\u00f5ttis 2:1 v\u00f5idu 76. ja 80. minuti v\u00e4ravaist.\u00a0&#13;\n<\/p>\n<p>Sellega l\u00f5ppes Ferencvarose kogu eurohooaeg, sest kaks kaotust Meistrite liiga nooremaks \u00f5eks olevasse Euroopa karikasse ei vii. Eelmisel hooajal \u00f5nnestus neil sinna napilt enne koham\u00e4nge \u00fcheks ringiks maanduda.<\/p>\n<p>Kubassova m\u00e4ngis m\u00f5lemad kohtumised algusest l\u00f5puni r\u00fcndes, kust on lahkunud eelmise hooaja v\u00e4ravamasin Vanessza Nagy Saksamaa esiliigasse. PAOK-i vastu l\u00f5i Kubassova nurgal\u00f6\u00f6gist peaga v\u00e4rava, sel korral sooritas kolm pealel\u00f6\u00f6ki ja teenis v\u00e4ravavahi vastu tehtud vea eest kollase kaardi.&#13;\n<\/p>\n<p>Valitseva Ungari meistri jaoks algab hooaeg kodumaal j\u00e4rgmisel n\u00e4dalavahetusel. \u00dclej\u00e4\u00e4nud liiga alustab t\u00e4na.<\/p>\n","protected":false},"excerpt":{"rendered":"&#13; Vlada Kubassova ja Ferencvarose euroteekond sai teise kaotuse j\u00e4rel l\u00f5pu. Meistrite liiga teises eelringis v\u00f5\u00f5rustas Eesti koondise&hellip;\n","protected":false},"author":2,"featured_media":247680,"comment_status":"","ping_status":"","sticky":false,"template":"","format":"standard","meta":{"footnotes":"","_share_on_mastodon":"0"},"categories":[18],"tags":[37,33,35,34,36,1031,1032,1190,2957,9669,1034,159,158,1035],"class_list":["post-247679","post","type-post","status-publish","format-standard","has-post-thumbnail","category-sport","tag-ee","tag-eesti","tag-eesti-keel","tag-estonia","tag-estonian","tag-ferencvaros","tag-kubassova","tag-meistrite-liiga","tag-naised","tag-naiste-cl","tag-naiste-meistrite-liiga","tag-sport","tag-sports","tag-vlada-kubassova"],"share_on_mastodon":{"url":"https:\/\/pubeurope.com\/@ee\/117064068568314077","error":""},"_links":{"self":[{"href":"https:\/\/www.europesays.com\/ee\/wp-json\/wp\/v2\/posts\/247679","targetHints":{"allow":["GET"]}}],"collection":[{"href":"https:\/\/www.europesays.com\/ee\/wp-json\/wp\/v2\/posts"}],"about":[{"href":"https:\/\/www.europesays.com\/ee\/wp-json\/wp\/v2\/types\/post"}],"author":[{"embeddable":true,"href":"https:\/\/www.europesays.com\/ee\/wp-json\/wp\/v2\/users\/2"}],"replies":[{"embeddable":true,"href":"https:\/\/www.europesays.com\/ee\/wp-json\/wp\/v2\/comments?post=247679"}],"version-history":[{"count":0,"href":"https:\/\/www.europesays.com\/ee\/wp-json\/wp\/v2\/posts\/247679\/revisions"}],"wp:featuredmedia":[{"embeddable":true,"href":"https:\/\/www.europesays.com\/ee\/wp-json\/wp\/v2\/media\/247680"}],"wp:attachment":[{"href":"https:\/\/www.europesays.com\/ee\/wp-json\/wp\/v2\/media?parent=247679"}],"wp:term":[{"taxonomy":"category","embeddable":true,"href":"https:\/\/www.europesays.com\/ee\/wp-json\/wp\/v2\/categories?post=247679"},{"taxonomy":"post_tag","embeddable":true,"href":"https:\/\/www.europesays.com\/ee\/wp-json\/wp\/v2\/tags?post=247679"}],"curies":[{"name":"wp","href":"https:\/\/api.w.org\/{rel}","templated":true}]}}