{"id":247685,"date":"2026-08-09T06:22:12","date_gmt":"2026-08-09T06:22:12","guid":{"rendered":"https:\/\/www.europesays.com\/ee\/247685\/"},"modified":"2026-08-09T06:22:12","modified_gmt":"2026-08-09T06:22:12","slug":"eesti-u16-korvpallinoored-on-alustanud-em-i-kahe-voiduga","status":"publish","type":"post","link":"https:\/\/www.europesays.com\/ee\/247685\/","title":{"rendered":"Eesti U16 korvpallinoored on alustanud EM-i kahe v\u00f5iduga"},"content":{"rendered":"<p>Kohtumine kulges pikalt tasav\u00e4giselt ning liider vahetus 13 korral. Taani v\u00f5itis avaveerandi 20:18, kuid Eesti suutis poolajaks 40:36 juhtohjad haarata. Kolmandal veerandajal k\u00e4is edu j\u00e4tkuvalt k\u00e4est k\u00e4tte. Veerandi l\u00f5pus tegi Eesti 7:0 spurdi, millega p\u00f6\u00f6rati 51:54 kaotusseis 58:54 eduseisuks. Viimasel neljandikul kasvas vahe korraks isegi 11 punktini. Taani j\u00f5udis veel kahe punkti kaugusele, kuid Bert Martini kaks olulist kaugviset aitasid Eestil 89:82 v\u00f5idu kindlustada.<\/p>\n<p>Bert Martin oli Eesti resultatiivseim 30 punkti ja viie lauapalliga. Martin Teppo lisas 18 punkti ja 11 lauapalli ning Marten Miilen tegi samuti 10 punkti ja 10 resultatiivse s\u00f6\u00f6duga kaksikduubli.<\/p>\n<p>U16 koondise peatreener <a rel=\"noopener nofollow\" target=\"_blank\" href=\"https:\/\/www.delfi.ee\/teema\/96881358\/alessio-landra\" tag-id=\"96881358\">Alessio Landra<\/a>: \u201eM\u00e4ng tuli vaid m\u00f5ni tund p\u00e4rast v\u00f5itu Ungari \u00fcle, seega teadsime, et ees ootab nii f\u00fc\u00fcsiliselt kui vaimselt raske kohtumine. See oli v\u00e4ga v\u00f5itluslik m\u00e4ng, kuid meeskond p\u00fcsis koos ja leidis v\u00f5imaluse v\u00f5it \u00e4ra v\u00f5tta. N\u00fc\u00fcd on meil kaks p\u00e4eva taastumiseks ja j\u00e4rgmiseks kohtumiseks valmistumiseks.\u201c<\/p>\n<p>J\u00e4rgmise alagrupikohtumise peab Eesti esmasp\u00e4eval kell 12.00, kui vastaseks on Austria. Viimases alagrupim\u00e4ngus madistatakse teisip\u00e4eval kell 17.00 Suurbritanniaga.<\/p>\n<p>Kuidas see lugu Sind end tundma pani?Saada<a href=\"https:\/\/sport.delfi.ee\/a\/120602493\/eesti-u16-korvpallinoored-on-alustanud-em-i-kahe-voiduga\/kommentaarid\" class=\"button button--primary button--size-auto article-body-bottom__comment article-body-bottom__comment--write\" style=\"\" rel=\"nofollow noopener\" target=\"_blank\">Kommenteeri<\/a><a href=\"https:\/\/sport.delfi.ee\/a\/120602493\/eesti-u16-korvpallinoored-on-alustanud-em-i-kahe-voiduga\/kommentaarid\" class=\"button button--size-auto article-body-bottom__comment article-body-bottom__comment--read\" style=\"\" rel=\"nofollow noopener\" target=\"_blank\">Loe kommentaare <\/a><\/p>\n","protected":false},"excerpt":{"rendered":"Kohtumine kulges pikalt tasav\u00e4giselt ning liider vahetus 13 korral. Taani v\u00f5itis avaveerandi 20:18, kuid Eesti suutis poolajaks 40:36&hellip;\n","protected":false},"author":2,"featured_media":247686,"comment_status":"","ping_status":"","sticky":false,"template":"","format":"standard","meta":{"footnotes":"","_share_on_mastodon":"0"},"categories":[18],"tags":[21233,37,33,35,95764,34,36,1513,10398,159,158,118],"class_list":["post-247685","post","type-post","status-publish","format-standard","has-post-thumbnail","category-sport","tag-alessio-landra","tag-ee","tag-eesti","tag-eesti-keel","tag-eesti-u16-korvpallikoondis","tag-estonia","tag-estonian","tag-korvpall","tag-pohja-makedoonia","tag-sport","tag-sports","tag-ungari"],"share_on_mastodon":{"url":"https:\/\/pubeurope.com\/@ee\/117064115588765877","error":""},"_links":{"self":[{"href":"https:\/\/www.europesays.com\/ee\/wp-json\/wp\/v2\/posts\/247685","targetHints":{"allow":["GET"]}}],"collection":[{"href":"https:\/\/www.europesays.com\/ee\/wp-json\/wp\/v2\/posts"}],"about":[{"href":"https:\/\/www.europesays.com\/ee\/wp-json\/wp\/v2\/types\/post"}],"author":[{"embeddable":true,"href":"https:\/\/www.europesays.com\/ee\/wp-json\/wp\/v2\/users\/2"}],"replies":[{"embeddable":true,"href":"https:\/\/www.europesays.com\/ee\/wp-json\/wp\/v2\/comments?post=247685"}],"version-history":[{"count":0,"href":"https:\/\/www.europesays.com\/ee\/wp-json\/wp\/v2\/posts\/247685\/revisions"}],"wp:featuredmedia":[{"embeddable":true,"href":"https:\/\/www.europesays.com\/ee\/wp-json\/wp\/v2\/media\/247686"}],"wp:attachment":[{"href":"https:\/\/www.europesays.com\/ee\/wp-json\/wp\/v2\/media?parent=247685"}],"wp:term":[{"taxonomy":"category","embeddable":true,"href":"https:\/\/www.europesays.com\/ee\/wp-json\/wp\/v2\/categories?post=247685"},{"taxonomy":"post_tag","embeddable":true,"href":"https:\/\/www.europesays.com\/ee\/wp-json\/wp\/v2\/tags?post=247685"}],"curies":[{"name":"wp","href":"https:\/\/api.w.org\/{rel}","templated":true}]}}