{"id":247697,"date":"2026-08-09T06:36:08","date_gmt":"2026-08-09T06:36:08","guid":{"rendered":"https:\/\/www.europesays.com\/ee\/247697\/"},"modified":"2026-08-09T06:36:08","modified_gmt":"2026-08-09T06:36:08","slug":"venemaa-pommitas-rakettidega-odessat-harkivis-sai-pihta-magalarajoon","status":"publish","type":"post","link":"https:\/\/www.europesays.com\/ee\/247697\/","title":{"rendered":"Venemaa pommitas rakettidega Odessat, Harkivis sai pihta magalarajoon"},"content":{"rendered":"<p>P\u00fchap\u00e4eva hommikul teatati Venemaa \u00f5hul\u00f6\u00f6gist Harkivi Saltivsk\u00f5i rajoonis.<\/p>\n<p>Linnavalitsuse teatel sai v\u00e4hemalt \u00fcks kortermaja otsetabamuse. \u00dches majas ulatuvad purustused seitsmendast korrusest k\u00fcmnenda korruseni. Tabamuse on saanud ka k\u00f5rvalhoone, m\u00f5lemas tegeletakse l\u00f5ksuj\u00e4\u00e4nud inimeste p\u00e4\u00e4stmisega. Teatatakse v\u00e4hemalt kahest hukkunust ja umbes 12 haavatust.<\/p>\n<p>\u00d6\u00f6l vastu p\u00fchap\u00e4eva korraldas Venemaa raketil\u00f6\u00f6ke Odessa vastu. Kannatada said majad ja taristu, viga on saanud v\u00e4hemalt kuus inimest. \u201eMitmes linna rajoonis on h\u00e4vitatud elumaju, p\u00f5lenud on ka autosid,\u201c teatas Odessa s\u00f5jalise administratsiooni juht Serhi L\u00f5ssak.<\/p>\n<p>Ukraina \u00f5huj\u00f5ud hoiatasid eelnevalt raketir\u00fcnnaku eest, kuid pole seni t\u00e4psustanud, mitut raketti Vene r\u00fcnnakus kasutati. Olukord viitab \u00f5hut\u00f5rje nappusele, kuna varem on \u00f5hul\u00f6\u00f6kidest teatades reeglina lisatud, kui suur osa rakettidest \u00f5nnestus alla tulistada.<\/p>\n<p>Ukrainska Pravda meenutab, et 1. augusti ulatuslike \u00f5hul\u00f6\u00f6kide ajal tulistati alla vaid \u00fcks 27 raketist. President Volod\u00f5m\u00f5r Zelensk\u00f5i on t\u00f5denud, et riigil on puudus \u00f5hut\u00f5rjerakettidest, eriti Patrioti laskemoonast.<\/p>\n<p>Kuidas see lugu Sind end tundma pani?Saada<a href=\"https:\/\/www.delfi.ee\/artikkel\/120602491\/venemaa-pommitas-rakettidega-odessat-harkivis-sai-pihta-magalarajoon\/kommentaarid\" class=\"button button--primary button--size-auto article-body-bottom__comment article-body-bottom__comment--write\" style=\"\" rel=\"nofollow noopener\" target=\"_blank\">Kommenteeri<\/a><a href=\"https:\/\/www.delfi.ee\/artikkel\/120602491\/venemaa-pommitas-rakettidega-odessat-harkivis-sai-pihta-magalarajoon\/kommentaarid\" class=\"button button--size-auto article-body-bottom__comment article-body-bottom__comment--read\" style=\"\" rel=\"nofollow noopener\" target=\"_blank\">Loe kommentaare <\/a><\/p>\n","protected":false},"excerpt":{"rendered":"P\u00fchap\u00e4eva hommikul teatati Venemaa \u00f5hul\u00f6\u00f6gist Harkivi Saltivsk\u00f5i rajoonis. Linnavalitsuse teatel sai v\u00e4hemalt \u00fcks kortermaja otsetabamuse. \u00dches majas ulatuvad&hellip;\n","protected":false},"author":2,"featured_media":247698,"comment_status":"","ping_status":"","sticky":false,"template":"","format":"standard","meta":{"footnotes":"","_share_on_mastodon":"0"},"categories":[12],"tags":[26,27,37,33,35,34,36,31,32,892,21,28,29,19,3254,25,107,23,24,262,22,20,30],"class_list":["post-247697","post","type-post","status-publish","format-standard","has-post-thumbnail","category-eesti","tag-breaking-news","tag-breakingnews","tag-ee","tag-eesti","tag-eesti-keel","tag-estonia","tag-estonian","tag-featured-news","tag-featurednews","tag-harkiv","tag-headlines","tag-latest-news","tag-latestnews","tag-news","tag-odessa","tag-populaarseimad-lood","tag-soda-ukrainas","tag-top-stories","tag-topstories","tag-ukraina","tag-uldised-uudised","tag-uudised","tag-viimased-uudised"],"share_on_mastodon":{"url":"https:\/\/pubeurope.com\/@ee\/117064170555216173","error":""},"_links":{"self":[{"href":"https:\/\/www.europesays.com\/ee\/wp-json\/wp\/v2\/posts\/247697","targetHints":{"allow":["GET"]}}],"collection":[{"href":"https:\/\/www.europesays.com\/ee\/wp-json\/wp\/v2\/posts"}],"about":[{"href":"https:\/\/www.europesays.com\/ee\/wp-json\/wp\/v2\/types\/post"}],"author":[{"embeddable":true,"href":"https:\/\/www.europesays.com\/ee\/wp-json\/wp\/v2\/users\/2"}],"replies":[{"embeddable":true,"href":"https:\/\/www.europesays.com\/ee\/wp-json\/wp\/v2\/comments?post=247697"}],"version-history":[{"count":0,"href":"https:\/\/www.europesays.com\/ee\/wp-json\/wp\/v2\/posts\/247697\/revisions"}],"wp:featuredmedia":[{"embeddable":true,"href":"https:\/\/www.europesays.com\/ee\/wp-json\/wp\/v2\/media\/247698"}],"wp:attachment":[{"href":"https:\/\/www.europesays.com\/ee\/wp-json\/wp\/v2\/media?parent=247697"}],"wp:term":[{"taxonomy":"category","embeddable":true,"href":"https:\/\/www.europesays.com\/ee\/wp-json\/wp\/v2\/categories?post=247697"},{"taxonomy":"post_tag","embeddable":true,"href":"https:\/\/www.europesays.com\/ee\/wp-json\/wp\/v2\/tags?post=247697"}],"curies":[{"name":"wp","href":"https:\/\/api.w.org\/{rel}","templated":true}]}}