{"id":247709,"date":"2026-08-09T06:58:07","date_gmt":"2026-08-09T06:58:07","guid":{"rendered":"https:\/\/www.europesays.com\/ee\/247709\/"},"modified":"2026-08-09T06:58:07","modified_gmt":"2026-08-09T06:58:07","slug":"transpordiamet-uuendab-saaremaa-teede-mustkatete-tegemise-plaane","status":"publish","type":"post","link":"https:\/\/www.europesays.com\/ee\/247709\/","title":{"rendered":"Transpordiamet uuendab Saaremaa teede mustkatete tegemise plaane"},"content":{"rendered":"<p class=\"p4\">Transpordiamet viis seni kruusateid mustkatte alla 2021. aastast p\u00e4rineva mustkatete ehitamise pingerea alusel. Pingerida pandi paika kuue n\u00e4itaja alusel: omavalitsuste eelistused, tee liiklussagedus, raskeveokite osakaal, bussiliini olemasolu, tee \u00e4\u00e4res asuvate majapidamiste ja tee \u00e4\u00e4res elavate inimeste arv. Pingerida h\u00f5lmab vaid neid riigi k\u00f5rvalmaanteid, kus \u00f6\u00f6p\u00e4evas s\u00f5idab v\u00e4hemalt 50 autot.<\/p>\n","protected":false},"excerpt":{"rendered":"Transpordiamet viis seni kruusateid mustkatte alla 2021. aastast p\u00e4rineva mustkatete ehitamise pingerea alusel. Pingerida pandi paika kuue n\u00e4itaja&hellip;\n","protected":false},"author":2,"featured_media":247710,"comment_status":"","ping_status":"","sticky":false,"template":"","format":"standard","meta":{"footnotes":"","_share_on_mastodon":"0"},"categories":[12],"tags":[26,27,10063,37,33,35,34,36,31,32,21,97651,97656,10715,28,29,89989,19,25,2123,97652,97654,89831,97657,97653,23,24,2086,22,20,97655,30],"class_list":["post-247709","post","type-post","status-publish","format-standard","has-post-thumbnail","category-eesti","tag-breaking-news","tag-breakingnews","tag-bussiliinid","tag-ee","tag-eesti","tag-eesti-keel","tag-estonia","tag-estonian","tag-featured-news","tag-featurednews","tag-headlines","tag-jarise-asuka-tee","tag-kahtla-ruhve-tee","tag-kruusateed","tag-latest-news","tag-latestnews","tag-mustkate","tag-news","tag-populaarseimad-lood","tag-saaremaa-vald","tag-tagamoisa-undva-tee","tag-tagavere-taaliku-tee","tag-teede-remont","tag-teekatete-ehitus","tag-tiirimetsa-lumanda-tee","tag-top-stories","tag-topstories","tag-transpordiamet","tag-uldised-uudised","tag-uudised","tag-valjala-laimjala-tee","tag-viimased-uudised"],"share_on_mastodon":{"url":"","error":"Validation failed: Text character limit of 500 exceeded"},"_links":{"self":[{"href":"https:\/\/www.europesays.com\/ee\/wp-json\/wp\/v2\/posts\/247709","targetHints":{"allow":["GET"]}}],"collection":[{"href":"https:\/\/www.europesays.com\/ee\/wp-json\/wp\/v2\/posts"}],"about":[{"href":"https:\/\/www.europesays.com\/ee\/wp-json\/wp\/v2\/types\/post"}],"author":[{"embeddable":true,"href":"https:\/\/www.europesays.com\/ee\/wp-json\/wp\/v2\/users\/2"}],"replies":[{"embeddable":true,"href":"https:\/\/www.europesays.com\/ee\/wp-json\/wp\/v2\/comments?post=247709"}],"version-history":[{"count":0,"href":"https:\/\/www.europesays.com\/ee\/wp-json\/wp\/v2\/posts\/247709\/revisions"}],"wp:featuredmedia":[{"embeddable":true,"href":"https:\/\/www.europesays.com\/ee\/wp-json\/wp\/v2\/media\/247710"}],"wp:attachment":[{"href":"https:\/\/www.europesays.com\/ee\/wp-json\/wp\/v2\/media?parent=247709"}],"wp:term":[{"taxonomy":"category","embeddable":true,"href":"https:\/\/www.europesays.com\/ee\/wp-json\/wp\/v2\/categories?post=247709"},{"taxonomy":"post_tag","embeddable":true,"href":"https:\/\/www.europesays.com\/ee\/wp-json\/wp\/v2\/tags?post=247709"}],"curies":[{"name":"wp","href":"https:\/\/api.w.org\/{rel}","templated":true}]}}