{"id":247741,"date":"2026-08-09T07:43:19","date_gmt":"2026-08-09T07:43:19","guid":{"rendered":"https:\/\/www.europesays.com\/ee\/247741\/"},"modified":"2026-08-09T07:43:19","modified_gmt":"2026-08-09T07:43:19","slug":"tonis-niinemets-soome-publikult-sai-rahamaa-veel-soojema-vastuvotu-kui-eestis","status":"publish","type":"post","link":"https:\/\/www.europesays.com\/ee\/247741\/","title":{"rendered":"T\u00f5nis Niinemets: Soome publikult sai \u00abRahamaa\u00bb veel soojema vastuv\u00f5tu kui Eestis"},"content":{"rendered":"<p class=\"MsoNormal\">Reedel ja laup\u00e4eval sai enam kui poolteist tuhat soomlast n\u00e4ha seda, mida kaugeltki k\u00f5ik selle vastu huvi tundvad eestlased pole veel n\u00e4inud: Eesti Draamateatri auhinnatud suurlavastust \u00abRahamaa\u00bb. Tampere teatrifestivalil m\u00e4ngiti sealse t\u00f6\u00f6listeatri suures saalis, mis mahutab 818 pealtvaatajat, kaks etendust ning muidugi olid m\u00f5lemad v\u00e4lja m\u00fc\u00fcdud.<\/p>\n<p class=\"MsoNormal\">P\u00e4rast laup\u00e4evast etendust r\u00e4\u00e4kisid sellest Postimehele Eesti Draamateatri loominguline juht ning \u00abRahamaa\u00bb lavastaja Hendrik Toompere jr ja selle peaosat\u00e4itja T\u00f5nis Niinemets.<\/p>\n","protected":false},"excerpt":{"rendered":"Reedel ja laup\u00e4eval sai enam kui poolteist tuhat soomlast n\u00e4ha seda, mida kaugeltki k\u00f5ik selle vastu huvi tundvad&hellip;\n","protected":false},"author":2,"featured_media":247742,"comment_status":"","ping_status":"","sticky":false,"template":"","format":"standard","meta":{"footnotes":"","_share_on_mastodon":"0"},"categories":[12],"tags":[194,180,26,27,186,37,33,35,199,182,181,34,36,183,31,32,193,21,178,176,190,28,29,185,184,187,191,195,19,201,198,188,25,179,189,192,177,23,24,196,22,20,200,197,30],"class_list":["post-247741","post","type-post","status-publish","format-standard","has-post-thumbnail","category-eesti","tag-arhitektuur","tag-arvustus","tag-breaking-news","tag-breakingnews","tag-draamateater","tag-ee","tag-eesti","tag-eesti-keel","tag-endla","tag-esietendus","tag-esilinastus","tag-estonia","tag-estonian","tag-etendus","tag-featured-news","tag-featurednews","tag-graafika","tag-headlines","tag-kirjandus","tag-kultuur","tag-kunst","tag-latest-news","tag-latestnews","tag-lava","tag-lavastus","tag-linnateater","tag-maal","tag-naitus","tag-news","tag-novel","tag-nuku","tag-ooper","tag-populaarseimad-lood","tag-raamat","tag-rahvusooper","tag-skulptuur","tag-teater","tag-top-stories","tag-topstories","tag-ugala","tag-uldised-uudised","tag-uudised","tag-vaba-lava","tag-vanemuine","tag-viimased-uudised"],"share_on_mastodon":{"url":"","error":"Validation failed: Text character limit of 500 exceeded"},"_links":{"self":[{"href":"https:\/\/www.europesays.com\/ee\/wp-json\/wp\/v2\/posts\/247741","targetHints":{"allow":["GET"]}}],"collection":[{"href":"https:\/\/www.europesays.com\/ee\/wp-json\/wp\/v2\/posts"}],"about":[{"href":"https:\/\/www.europesays.com\/ee\/wp-json\/wp\/v2\/types\/post"}],"author":[{"embeddable":true,"href":"https:\/\/www.europesays.com\/ee\/wp-json\/wp\/v2\/users\/2"}],"replies":[{"embeddable":true,"href":"https:\/\/www.europesays.com\/ee\/wp-json\/wp\/v2\/comments?post=247741"}],"version-history":[{"count":0,"href":"https:\/\/www.europesays.com\/ee\/wp-json\/wp\/v2\/posts\/247741\/revisions"}],"wp:featuredmedia":[{"embeddable":true,"href":"https:\/\/www.europesays.com\/ee\/wp-json\/wp\/v2\/media\/247742"}],"wp:attachment":[{"href":"https:\/\/www.europesays.com\/ee\/wp-json\/wp\/v2\/media?parent=247741"}],"wp:term":[{"taxonomy":"category","embeddable":true,"href":"https:\/\/www.europesays.com\/ee\/wp-json\/wp\/v2\/categories?post=247741"},{"taxonomy":"post_tag","embeddable":true,"href":"https:\/\/www.europesays.com\/ee\/wp-json\/wp\/v2\/tags?post=247741"}],"curies":[{"name":"wp","href":"https:\/\/api.w.org\/{rel}","templated":true}]}}