{"id":247745,"date":"2026-08-09T07:50:11","date_gmt":"2026-08-09T07:50:11","guid":{"rendered":"https:\/\/www.europesays.com\/ee\/247745\/"},"modified":"2026-08-09T07:50:11","modified_gmt":"2026-08-09T07:50:11","slug":"britney-spearsile-tehtud-iluprotseduur-laks-nihu-lauljatari-silm-oli-botoxi-tottu-nadalaid-longus","status":"publish","type":"post","link":"https:\/\/www.europesays.com\/ee\/247745\/","title":{"rendered":"Britney Spearsile tehtud iluprotseduur l\u00e4ks nihu: lauljatari silm oli Botoxi t\u00f5ttu n\u00e4dalaid longus"},"content":{"rendered":"<p>Popstaar Britney Spears (44) avaldas oma Instagrami kontol video, kus andis f\u00e4nnidele teada, et ta v\u00f5itles n\u00e4dalaid t\u00f5sise terviseprobleemiga. Britney ilmus f\u00e4nnide ette punases avara dekolteega topis ja hoidis enda vasakust silmast kinni. <\/p>\n<p>\u201eSee oli v\u00e4ga halb, sest ta pani nii palju Botoxit siia vasakusse silma nii, et see oli longus. N\u00fc\u00fcd alles hakkab see \u00fcles t\u00f5usma ja n\u00e4eb j\u00e4lle normaalne v\u00e4lja,\u201c kirjeldas Britney ja n\u00e4itas, milline tema silm valesti s\u00fcstitud Botoxi t\u00f5ttu v\u00e4lja n\u00e4gi. Tema kulmu all olev nahk oli tema silmale ette langenud. <\/p>\n<p>Ta pani oma j\u00e4lgijatele s\u00fcdamele, et nad oleksid Botoxiga iluprotseduure tehes ettevaatlikud. \u201eNad v\u00f5ivad selle t\u00f5eliselt n\u00e4ssu keerata. Mu silm oli longus neli n\u00e4dalat. Alles n\u00fc\u00fcd hakkab see \u00fcles t\u00f5usma. Olge ettevaatlikud oma kehadega,\u201c r\u00e4\u00e4kis Britney veel. Ta toonitas, et inimese keha kuulub talle endale ning r\u00f5hutas, et ettevaatlik tuleb olla nende inimestega, kes su v\u00e4limust muudavad. \u201eTe ei saa kedagi usaldada!\u201c kirjutas ta sotsiaalmeedias avaldatud video juurde veel.<\/p>\n<p>Britney Spearsi elus pole olnud just k\u00f5ige lihtsamad ajad. M\u00e4rtsi algul arreteeriti lauljatar Los Angeleses Ventura piirkonnas, kuna tema s\u00f5idustiil \u00e4ratas kahtlusi. Popstaar oli sel ajal nii meelem\u00fcrkide kui ka alkoholi m\u00f5ju all. Arreteerimise ajal leiti tema autost salap\u00e4rast ainet.<\/p>\n<p>Maikuu l\u00f5pus teatas Ventura maakonna ringkonnaprokuratuur, et Spearsile on n\u00fc\u00fcd esitatud ametlik s\u00fc\u00fcdistus \u00fches v\u00e4\u00e4rteos \u2013 alkoholi ja v\u00e4hemalt \u00fche narkootikumi kombineeritud m\u00f5ju all s\u00f5iduki juhtimises. On teada, et staar pidi vahejuhtumi t\u00f5ttu minema v\u00f5\u00f5rutusravile.<\/p>\n<p>Kuidas see lugu Sind end tundma pani?Saada<a href=\"https:\/\/kroonika.delfi.ee\/artikkel\/120602497\/britney-spearsile-tehtud-iluprotseduur-laks-nihu-lauljatari-silm-oli-botoxi-tottu-nadalaid-longus\/kommentaarid\" class=\"button button--primary button--size-auto article-body-bottom__comment article-body-bottom__comment--write\" style=\"\" rel=\"nofollow noopener\" target=\"_blank\">Kommenteeri<\/a><a href=\"https:\/\/kroonika.delfi.ee\/artikkel\/120602497\/britney-spearsile-tehtud-iluprotseduur-laks-nihu-lauljatari-silm-oli-botoxi-tottu-nadalaid-longus\/kommentaarid\" class=\"button button--size-auto article-body-bottom__comment article-body-bottom__comment--read\" style=\"\" rel=\"nofollow noopener\" target=\"_blank\">Loe kommentaare (2)<\/a><\/p>\n","protected":false},"excerpt":{"rendered":"Popstaar Britney Spears (44) avaldas oma Instagrami kontol video, kus andis f\u00e4nnidele teada, et ta v\u00f5itles n\u00e4dalaid t\u00f5sise&hellip;\n","protected":false},"author":2,"featured_media":247746,"comment_status":"","ping_status":"","sticky":false,"template":"","format":"standard","meta":{"footnotes":"","_share_on_mastodon":"0"},"categories":[16],"tags":[14302,11645,37,33,35,173,34,36,140],"class_list":["post-247745","post","type-post","status-publish","format-standard","has-post-thumbnail","category-meelelahutus","tag-botox","tag-britney-spears","tag-ee","tag-eesti","tag-eesti-keel","tag-entertainment","tag-estonia","tag-estonian","tag-meelelahutus"],"share_on_mastodon":{"url":"https:\/\/pubeurope.com\/@ee\/117064461634334521","error":""},"_links":{"self":[{"href":"https:\/\/www.europesays.com\/ee\/wp-json\/wp\/v2\/posts\/247745","targetHints":{"allow":["GET"]}}],"collection":[{"href":"https:\/\/www.europesays.com\/ee\/wp-json\/wp\/v2\/posts"}],"about":[{"href":"https:\/\/www.europesays.com\/ee\/wp-json\/wp\/v2\/types\/post"}],"author":[{"embeddable":true,"href":"https:\/\/www.europesays.com\/ee\/wp-json\/wp\/v2\/users\/2"}],"replies":[{"embeddable":true,"href":"https:\/\/www.europesays.com\/ee\/wp-json\/wp\/v2\/comments?post=247745"}],"version-history":[{"count":0,"href":"https:\/\/www.europesays.com\/ee\/wp-json\/wp\/v2\/posts\/247745\/revisions"}],"wp:featuredmedia":[{"embeddable":true,"href":"https:\/\/www.europesays.com\/ee\/wp-json\/wp\/v2\/media\/247746"}],"wp:attachment":[{"href":"https:\/\/www.europesays.com\/ee\/wp-json\/wp\/v2\/media?parent=247745"}],"wp:term":[{"taxonomy":"category","embeddable":true,"href":"https:\/\/www.europesays.com\/ee\/wp-json\/wp\/v2\/categories?post=247745"},{"taxonomy":"post_tag","embeddable":true,"href":"https:\/\/www.europesays.com\/ee\/wp-json\/wp\/v2\/tags?post=247745"}],"curies":[{"name":"wp","href":"https:\/\/api.w.org\/{rel}","templated":true}]}}