{"id":247759,"date":"2026-08-09T08:03:08","date_gmt":"2026-08-09T08:03:08","guid":{"rendered":"https:\/\/www.europesays.com\/ee\/247759\/"},"modified":"2026-08-09T08:03:08","modified_gmt":"2026-08-09T08:03:08","slug":"vaata-videot-%e2%9f%a9-bmw-tellis-uliopilastelt-taielikult-paikeseenergial-soitva-auto-ja-nad-tegidki-selle-valmis","status":"publish","type":"post","link":"https:\/\/www.europesays.com\/ee\/247759\/","title":{"rendered":"VAATA VIDEOT \u27e9 BMW tellis \u00fcli\u00f5pilastelt t\u00e4ielikult p\u00e4ikeseenergial s\u00f5itva auto ja nad tegidki selle valmis"},"content":{"rendered":"<p>P\u00e4ikesepaneelidega auto k\u00f5lab suurep\u00e4raselt seni, kuni m\u00e4ngu tulevad ruutmeetrid ja kilovatt-tunnid. BMW andis Clemsoni \u00dclikooli tudengitele \u00fclesande proovida sellest f\u00fc\u00fcsikalisest kitsaskohast m\u00f6\u00f6da p\u00e4\u00e4seda ning ehitada elektriauto, mille energiabilanss p\u00f6\u00f6raks senise loogika pea peale. Tulemuseks sai vaid umbes 550 kilogrammi kaaluv kummalise kujuga Luminetta, mille v\u00e4lispinnale paigutati \u00fcle 1700 p\u00e4ikeseelemendi. Selle saavutamiseks ei piisanud aga lihtsalt v\u00f5imalikult paljude p\u00e4ikesepaneelide auto k\u00fclge kleepimisest. Tudengite arvutused ja katsed n\u00e4itasid l\u00f5puks midagi, mis paneb k\u00fcsima: kas elektriauto v\u00f5iks \u00fchel p\u00e4eval laadimisjaama vajamise asemel ise v\u00e4ikeseks elektrijaamaks muutuda?<\/p>\n","protected":false},"excerpt":{"rendered":"P\u00e4ikesepaneelidega auto k\u00f5lab suurep\u00e4raselt seni, kuni m\u00e4ngu tulevad ruutmeetrid ja kilovatt-tunnid. BMW andis Clemsoni \u00dclikooli tudengitele \u00fclesande proovida&hellip;\n","protected":false},"author":2,"featured_media":247760,"comment_status":"","ping_status":"","sticky":false,"template":"","format":"standard","meta":{"footnotes":"","_share_on_mastodon":"0"},"categories":[14],"tags":[131,1868,130,97668,97670,97671,37,33,35,34,36,97672,97669],"class_list":["post-247759","post","type-post","status-publish","format-standard","has-post-thumbnail","category-ari","tag-ari","tag-bmw","tag-business","tag-clemsoni-ulikool","tag-deep-orange-17","tag-deep-orange-programm","tag-ee","tag-eesti","tag-eesti-keel","tag-estonia","tag-estonian","tag-harsh-manghnani","tag-luminetta"],"share_on_mastodon":{"url":"https:\/\/pubeurope.com\/@ee\/117064512883507596","error":""},"_links":{"self":[{"href":"https:\/\/www.europesays.com\/ee\/wp-json\/wp\/v2\/posts\/247759","targetHints":{"allow":["GET"]}}],"collection":[{"href":"https:\/\/www.europesays.com\/ee\/wp-json\/wp\/v2\/posts"}],"about":[{"href":"https:\/\/www.europesays.com\/ee\/wp-json\/wp\/v2\/types\/post"}],"author":[{"embeddable":true,"href":"https:\/\/www.europesays.com\/ee\/wp-json\/wp\/v2\/users\/2"}],"replies":[{"embeddable":true,"href":"https:\/\/www.europesays.com\/ee\/wp-json\/wp\/v2\/comments?post=247759"}],"version-history":[{"count":0,"href":"https:\/\/www.europesays.com\/ee\/wp-json\/wp\/v2\/posts\/247759\/revisions"}],"wp:featuredmedia":[{"embeddable":true,"href":"https:\/\/www.europesays.com\/ee\/wp-json\/wp\/v2\/media\/247760"}],"wp:attachment":[{"href":"https:\/\/www.europesays.com\/ee\/wp-json\/wp\/v2\/media?parent=247759"}],"wp:term":[{"taxonomy":"category","embeddable":true,"href":"https:\/\/www.europesays.com\/ee\/wp-json\/wp\/v2\/categories?post=247759"},{"taxonomy":"post_tag","embeddable":true,"href":"https:\/\/www.europesays.com\/ee\/wp-json\/wp\/v2\/tags?post=247759"}],"curies":[{"name":"wp","href":"https:\/\/api.w.org\/{rel}","templated":true}]}}