{"id":247874,"date":"2026-08-09T11:46:39","date_gmt":"2026-08-09T11:46:39","guid":{"rendered":"https:\/\/www.europesays.com\/ee\/247874\/"},"modified":"2026-08-09T11:46:39","modified_gmt":"2026-08-09T11:46:39","slug":"romet-jurgenson-lopetas-sotimaa-ralli-teisena","status":"publish","type":"post","link":"https:\/\/www.europesays.com\/ee\/247874\/","title":{"rendered":"Romet J\u00fcrgenson l\u00f5petas \u0160otimaa ralli teisena"},"content":{"rendered":"<p>Iirlane Armstrong, kes kihutab MM-sarjas M-Sporti eest Puma Rally1-ga, v\u00f5istles \u0160otimaal sarnaselt J\u00fcrgensonile Ford Fiesta Rally2 masinaga.<\/p>\n<p>Kolmanda koha sai Nikolay Gryazin (Lancia Ypsilon Rally2), kes kaotas v\u00f5itjale juba 39,6 sekundiga. <\/p>\n<p>Neljas oli britt Osian Pryce (Toyota GR Yaris Rally2, +51,7 sekundit) ja viies prantslane Yohan Rossel (Lancia Ypsilon Rally2, +1.05,4).<\/p>\n<p>Kohal oli ka <a rel=\"noopener nofollow\" target=\"_blank\" href=\"https:\/\/www.delfi.ee\/teema\/23049339\/wrc\" tag-id=\"23049339\">WRC<\/a>-sarja liider <a rel=\"noopener nofollow\" target=\"_blank\" href=\"https:\/\/www.delfi.ee\/teema\/71230759\/elfyn-evans\" data-rel-date-range=\"[]\">Elfyn Evans<\/a> (Toyota Yaris Rally2), kuid tema kihutas j\u00e4rgmise aasta \u0160otimaa MM-ralli v\u00f5istluspaigas v\u00e4ljaspool arvestust.<\/p>\n<p>J\u00e4rgmine MM-ralli algab Paraguays 27. augustil.<\/p>\n<p><img decoding=\"async\" src=\"https:\/\/www.europesays.com\/ee\/wp-content\/uploads\/2026\/08\/e7dd69dd-c024-47f4-a9a8-30ed8d1c9420.jpg\" loading=\"lazy\"\/>Kuidas see lugu Sind end tundma pani?Saada<a href=\"https:\/\/sport.delfi.ee\/artikkel\/120602479\/romet-jurgenson-lopetas-sotimaa-ralli-teisena\/kommentaarid\" class=\"button button--primary button--size-auto article-body-bottom__comment article-body-bottom__comment--write\" style=\"\" rel=\"nofollow noopener\" target=\"_blank\">Kommenteeri<\/a><a href=\"https:\/\/sport.delfi.ee\/artikkel\/120602479\/romet-jurgenson-lopetas-sotimaa-ralli-teisena\/kommentaarid\" class=\"button button--size-auto article-body-bottom__comment article-body-bottom__comment--read\" style=\"\" rel=\"nofollow noopener\" target=\"_blank\">Loe kommentaare (6)<\/a><\/p>\n","protected":false},"excerpt":{"rendered":"Iirlane Armstrong, kes kihutab MM-sarjas M-Sporti eest Puma Rally1-ga, v\u00f5istles \u0160otimaal sarnaselt J\u00fcrgensonile Ford Fiesta Rally2 masinaga. Kolmanda&hellip;\n","protected":false},"author":2,"featured_media":247875,"comment_status":"","ping_status":"","sticky":false,"template":"","format":"standard","meta":{"footnotes":"","_share_on_mastodon":"0"},"categories":[5],"tags":[26,27,37,33,35,34,36,31,32,21,7490,28,29,19,25,3015,3014,23,24,22,20,30,1192],"class_list":["post-247874","post","type-post","status-publish","format-standard","has-post-thumbnail","category-uldised-uudised","tag-breaking-news","tag-breakingnews","tag-ee","tag-eesti","tag-eesti-keel","tag-estonia","tag-estonian","tag-featured-news","tag-featurednews","tag-headlines","tag-jon-armstrong","tag-latest-news","tag-latestnews","tag-news","tag-populaarseimad-lood","tag-romet-jurgenson","tag-siim-oja","tag-top-stories","tag-topstories","tag-uldised-uudised","tag-uudised","tag-viimased-uudised","tag-wrc"],"share_on_mastodon":{"url":"https:\/\/pubeurope.com\/@ee\/117065389934638654","error":""},"_links":{"self":[{"href":"https:\/\/www.europesays.com\/ee\/wp-json\/wp\/v2\/posts\/247874","targetHints":{"allow":["GET"]}}],"collection":[{"href":"https:\/\/www.europesays.com\/ee\/wp-json\/wp\/v2\/posts"}],"about":[{"href":"https:\/\/www.europesays.com\/ee\/wp-json\/wp\/v2\/types\/post"}],"author":[{"embeddable":true,"href":"https:\/\/www.europesays.com\/ee\/wp-json\/wp\/v2\/users\/2"}],"replies":[{"embeddable":true,"href":"https:\/\/www.europesays.com\/ee\/wp-json\/wp\/v2\/comments?post=247874"}],"version-history":[{"count":0,"href":"https:\/\/www.europesays.com\/ee\/wp-json\/wp\/v2\/posts\/247874\/revisions"}],"wp:featuredmedia":[{"embeddable":true,"href":"https:\/\/www.europesays.com\/ee\/wp-json\/wp\/v2\/media\/247875"}],"wp:attachment":[{"href":"https:\/\/www.europesays.com\/ee\/wp-json\/wp\/v2\/media?parent=247874"}],"wp:term":[{"taxonomy":"category","embeddable":true,"href":"https:\/\/www.europesays.com\/ee\/wp-json\/wp\/v2\/categories?post=247874"},{"taxonomy":"post_tag","embeddable":true,"href":"https:\/\/www.europesays.com\/ee\/wp-json\/wp\/v2\/tags?post=247874"}],"curies":[{"name":"wp","href":"https:\/\/api.w.org\/{rel}","templated":true}]}}