{"id":247890,"date":"2026-08-09T12:07:11","date_gmt":"2026-08-09T12:07:11","guid":{"rendered":"https:\/\/www.europesays.com\/ee\/247890\/"},"modified":"2026-08-09T12:07:11","modified_gmt":"2026-08-09T12:07:11","slug":"netanyahu-lukkas-tagasi-trumpi-kiidetud-gaza-plaani-valismaa","status":"publish","type":"post","link":"https:\/\/www.europesays.com\/ee\/247890\/","title":{"rendered":"Netanyahu l\u00fckkas tagasi Trumpi kiidetud Gaza-plaani | V\u00e4lismaa"},"content":{"rendered":"<p>Iisraeli peaminister Benjamin Netanyahu l\u00fckkas p\u00fchap\u00e4eval tagasi USA presidendi Donald Trumpi kiidetud Gaza rahuplaani, lubades, et s\u00f5jav\u00e4gi ei lahku enne, kui \u00e4\u00e4rmusr\u00fchmitus Hamas on t\u00f5eliselt relvituks tehtud.<\/p>\n<p>&#8220;Iisrael l\u00fckkab 15-punktilise dokumendi tagasi. Iisraeli kaitsev\u00e4gi (IDF) ei vii \u00fcksusi v\u00e4lja enne, kui Hamas on t\u00f5eliselt relvituks tehtud ning j\u00e4tkab ohtude t\u00f5rjumist meie v\u00e4gede ja kodanike vastu,&#8221; \u00fctles Netanyahu valitsuse istungil.<\/p>\n<p>Netanyahu lubas p\u00fchap\u00e4eval takistada Iraanil tuumarelva hankimast, seda olenemata diplomaatiliste suhete k\u00e4igust Washingtoni ja Araabia riikidega.<\/p>\n<p>&#8220;Tahan veel kord r\u00f5hutada: kokkuleppega v\u00f5i ilma, senikaua kui mina olen peaminister, ei saa Iraan tuumarelva,&#8221; \u00fctles Netanyahu valitsuse istungil.<\/p>\n<p>Iisrael on pikka aega v\u00e4itnud, et Iraan p\u00fc\u00fcab omandada tuumarelva.<\/p>\n<p>Palestiina islamistlik \u00e4\u00e4rmusr\u00fchmitus Hamas teatas laup\u00e4eval, et on endiselt valmis j\u00e4tkama USA toetatud Gaza rahuplaaniga ja n\u00f5udis Iisraelile surve avaldamist, mis omakorda v\u00e4idab, et ei ole n\u00f5ustunud tehingu viimase osaga.<\/p>\n<p>Hamas teavitas USA vabariiklasest presidendi Donald Trumpi kokku kutsutud nn rahun\u00f5ukogu, et toetab plaani viimast etappi, mille kohaselt annaksid v\u00f5itlejad relvad \u00fcle s\u00f5jast laastatud territooriumil loodavale Palestiina valitsuskomiteele.<\/p>\n<p>&#8220;Hamas ja teised r\u00fchmitused on vahendajatele kinnitanud oma valmisolekut alustada lepingu rakendamist ja liikuda edasi teise etappi, tingimusel, et see saab Iisraeli heakskiidu ja et Iisrael alustab lepingu rakendamist,&#8221; \u00fctles Hamasi anon\u00fc\u00fcmsust palunud ametnik AFP-le.\u00a0&#8220;Hamas n\u00f5uab tungivalt, et USA administratsioon avaldaks Iisraelile survet, et sundida teda lepingust kinni pidama ja teise etappi edasi liikuma.&#8221;<\/p>\n<p>Netanyahu, keda ootab oktoobris ees raske tagasivalimisv\u00f5itlus ja kes seisab silmitsi oma parempoolse valijaskonna laialdase vastuseisuga Gaza tehingule, \u00fctles teisip\u00e4eval, et Iisrael ei ole rahun\u00f5ukogu esitatud eeln\u00f5uga n\u00f5ustunud.<\/p>\n<p>Trump tervitas eelmisel n\u00e4dalal l\u00e4bimurdena seda, et Hamas oli n\u00f5ustunud plaani kohase relvitustamisega, kusjuures rahun\u00f5ukogu teatas, et Iisrael viib samaaegselt l\u00e4bi j\u00e4rkj\u00e4rgulise v\u00e4gede v\u00e4ljaviimise suuremast osast Gazast.<\/p>\n<p>Netanyahu kohtus esmasp\u00e4eval rahun\u00f5ukogu Gaza eriesindaja Nickolay Mladenoviga, kes muutis oma seisukohta ja \u00fctles, et Iisrael viib oma v\u00e4ed v\u00e4lja alles p\u00e4rast Hamasi t\u00e4ielikku relvitustamist.<\/p>\n","protected":false},"excerpt":{"rendered":"Iisraeli peaminister Benjamin Netanyahu l\u00fckkas p\u00fchap\u00e4eval tagasi USA presidendi Donald Trumpi kiidetud Gaza rahuplaani, lubades, et s\u00f5jav\u00e4gi ei&hellip;\n","protected":false},"author":2,"featured_media":247891,"comment_status":"","ping_status":"","sticky":false,"template":"","format":"standard","meta":{"footnotes":"","_share_on_mastodon":"0"},"categories":[80],"tags":[621,26,27,324,37,33,35,34,36,31,32,8562,764,21,619,1925,28,29,95,19,25,23,24,22,325,20,30,92,93,94],"class_list":["post-247890","post","type-post","status-publish","format-standard","has-post-thumbnail","category-maailm","tag-benjamin-netanyahu","tag-breaking-news","tag-breakingnews","tag-donald-trump","tag-ee","tag-eesti","tag-eesti-keel","tag-estonia","tag-estonian","tag-featured-news","tag-featurednews","tag-gaza-rahuplaan","tag-hamas","tag-headlines","tag-iisrael","tag-iraan","tag-latest-news","tag-latestnews","tag-maailm","tag-news","tag-populaarseimad-lood","tag-top-stories","tag-topstories","tag-uldised-uudised","tag-usa","tag-uudised","tag-viimased-uudised","tag-world","tag-world-news","tag-worldnews"],"share_on_mastodon":{"url":"https:\/\/pubeurope.com\/@ee\/117065472210115481","error":""},"_links":{"self":[{"href":"https:\/\/www.europesays.com\/ee\/wp-json\/wp\/v2\/posts\/247890","targetHints":{"allow":["GET"]}}],"collection":[{"href":"https:\/\/www.europesays.com\/ee\/wp-json\/wp\/v2\/posts"}],"about":[{"href":"https:\/\/www.europesays.com\/ee\/wp-json\/wp\/v2\/types\/post"}],"author":[{"embeddable":true,"href":"https:\/\/www.europesays.com\/ee\/wp-json\/wp\/v2\/users\/2"}],"replies":[{"embeddable":true,"href":"https:\/\/www.europesays.com\/ee\/wp-json\/wp\/v2\/comments?post=247890"}],"version-history":[{"count":0,"href":"https:\/\/www.europesays.com\/ee\/wp-json\/wp\/v2\/posts\/247890\/revisions"}],"wp:featuredmedia":[{"embeddable":true,"href":"https:\/\/www.europesays.com\/ee\/wp-json\/wp\/v2\/media\/247891"}],"wp:attachment":[{"href":"https:\/\/www.europesays.com\/ee\/wp-json\/wp\/v2\/media?parent=247890"}],"wp:term":[{"taxonomy":"category","embeddable":true,"href":"https:\/\/www.europesays.com\/ee\/wp-json\/wp\/v2\/categories?post=247890"},{"taxonomy":"post_tag","embeddable":true,"href":"https:\/\/www.europesays.com\/ee\/wp-json\/wp\/v2\/tags?post=247890"}],"curies":[{"name":"wp","href":"https:\/\/api.w.org\/{rel}","templated":true}]}}