{"id":247904,"date":"2026-08-09T12:29:11","date_gmt":"2026-08-09T12:29:11","guid":{"rendered":"https:\/\/www.europesays.com\/ee\/247904\/"},"modified":"2026-08-09T12:29:11","modified_gmt":"2026-08-09T12:29:11","slug":"tass-witkoff-ja-kushner-valmistuvad-reisiks-moskvasse-ja-kiievisse","status":"publish","type":"post","link":"https:\/\/www.europesays.com\/ee\/247904\/","title":{"rendered":"TASS: Witkoff ja Kushner valmistuvad reisiks Moskvasse ja Kiievisse"},"content":{"rendered":"<p>Teates ei t\u00e4psustata, kas USA esindajad plaanivad esmalt k\u00fclastada Moskvat v\u00f5i Kiievit. USA allikad teatasid juulis p\u00e4rast USA-Ukraina tippkohtumist, et soojenenud suhete m\u00e4rgina v\u00f5ivad Witkoff ja Kushner peagi k\u00fclastada Ukrainat.<\/p>\n<p>Seniste Vene-Ukraina s\u00f5ja teemaliste k\u00f5neluste k\u00e4igus ei ole nad kordagi Ukrainasse s\u00f5itnud. K\u00fcll aga on Trumpi esindajad korduvalt k\u00e4inud Moskvas, mida Witkoff on USA-Vene k\u00f5neluste k\u00e4igus k\u00fclastanud v\u00e4hemalt kaheksal korral. Oktoobris k\u00fclastab Moskvat ka FBI direktor Kash Patel, et arutada \u00f5iguskaitseorganite vahelist koost\u00f6\u00f6d.<\/p>\n<p>Lootused USA soodsamale suhtumisele on p\u00e4rast Donald Trumpi ja Volod\u00f5m\u00f5r Zelensk\u00f5i 28. juuli kohtumisel tekkinud optimismi uuesti kahanenud, kuna Trump pole t\u00e4itnud juuli alguses antud lubadust anda Ukrainale litsents Patrioti raketis\u00fcsteemide tootmiseks. K\u00fcsimusele, kas USA v\u00f5iks tarnida Ukrainale rakette Venemaa raketir\u00fcnnakute t\u00f5rjumiseks, vastas Trump reedel l\u00fchidalt: \u201eMeie tahame ka rakette.\u201c<\/p>\n<p>Enne TASS-i teadet kommenteeris Ukraina v\u00e4lisminister Andri S\u00f5biha, et t\u00f5en\u00e4oliselt k\u00fclastavad Witkoff ja Kushner riiki augusti teises pooles. 24. augustil t\u00e4histatakse Ukrainas iseseisvusp\u00e4eva.<\/p>\n<p>Kuidas see lugu Sind end tundma pani?Saada<a href=\"https:\/\/www.delfi.ee\/artikkel\/120602536\/tass-witkoff-ja-kushner-valmistuvad-reisiks-moskvasse-ja-kiievisse\/kommentaarid\" class=\"button button--primary button--size-auto article-body-bottom__comment article-body-bottom__comment--write\" style=\"\" rel=\"nofollow noopener\" target=\"_blank\">Kommenteeri<\/a><a href=\"https:\/\/www.delfi.ee\/artikkel\/120602536\/tass-witkoff-ja-kushner-valmistuvad-reisiks-moskvasse-ja-kiievisse\/kommentaarid\" class=\"button button--size-auto article-body-bottom__comment article-body-bottom__comment--read\" style=\"\" rel=\"nofollow noopener\" target=\"_blank\">Loe kommentaare (6)<\/a><\/p>\n","protected":false},"excerpt":{"rendered":"Teates ei t\u00e4psustata, kas USA esindajad plaanivad esmalt k\u00fclastada Moskvat v\u00f5i Kiievit. USA allikad teatasid juulis p\u00e4rast USA-Ukraina&hellip;\n","protected":false},"author":2,"featured_media":247905,"comment_status":"","ping_status":"","sticky":false,"template":"","format":"standard","meta":{"footnotes":"","_share_on_mastodon":"0"},"categories":[80],"tags":[26,27,37,33,35,34,36,31,32,21,8831,28,29,95,19,25,107,8832,23,24,262,22,20,96,30,92,93,94],"class_list":["post-247904","post","type-post","status-publish","format-standard","has-post-thumbnail","category-maailm","tag-breaking-news","tag-breakingnews","tag-ee","tag-eesti","tag-eesti-keel","tag-estonia","tag-estonian","tag-featured-news","tag-featurednews","tag-headlines","tag-jared-kushner","tag-latest-news","tag-latestnews","tag-maailm","tag-news","tag-populaarseimad-lood","tag-soda-ukrainas","tag-steve-witkoff","tag-top-stories","tag-topstories","tag-ukraina","tag-uldised-uudised","tag-uudised","tag-venemaa","tag-viimased-uudised","tag-world","tag-world-news","tag-worldnews"],"share_on_mastodon":{"url":"https:\/\/pubeurope.com\/@ee\/117065558381794916","error":""},"_links":{"self":[{"href":"https:\/\/www.europesays.com\/ee\/wp-json\/wp\/v2\/posts\/247904","targetHints":{"allow":["GET"]}}],"collection":[{"href":"https:\/\/www.europesays.com\/ee\/wp-json\/wp\/v2\/posts"}],"about":[{"href":"https:\/\/www.europesays.com\/ee\/wp-json\/wp\/v2\/types\/post"}],"author":[{"embeddable":true,"href":"https:\/\/www.europesays.com\/ee\/wp-json\/wp\/v2\/users\/2"}],"replies":[{"embeddable":true,"href":"https:\/\/www.europesays.com\/ee\/wp-json\/wp\/v2\/comments?post=247904"}],"version-history":[{"count":0,"href":"https:\/\/www.europesays.com\/ee\/wp-json\/wp\/v2\/posts\/247904\/revisions"}],"wp:featuredmedia":[{"embeddable":true,"href":"https:\/\/www.europesays.com\/ee\/wp-json\/wp\/v2\/media\/247905"}],"wp:attachment":[{"href":"https:\/\/www.europesays.com\/ee\/wp-json\/wp\/v2\/media?parent=247904"}],"wp:term":[{"taxonomy":"category","embeddable":true,"href":"https:\/\/www.europesays.com\/ee\/wp-json\/wp\/v2\/categories?post=247904"},{"taxonomy":"post_tag","embeddable":true,"href":"https:\/\/www.europesays.com\/ee\/wp-json\/wp\/v2\/tags?post=247904"}],"curies":[{"name":"wp","href":"https:\/\/api.w.org\/{rel}","templated":true}]}}