{"id":248002,"date":"2026-08-09T14:49:11","date_gmt":"2026-08-09T14:49:11","guid":{"rendered":"https:\/\/www.europesays.com\/ee\/248002\/"},"modified":"2026-08-09T14:49:11","modified_gmt":"2026-08-09T14:49:11","slug":"valus-look-trumpile-netanyahu-lukkas-tagasi-tema-orkestreeritud-gaza-plaani","status":"publish","type":"post","link":"https:\/\/www.europesays.com\/ee\/248002\/","title":{"rendered":"Valus l\u00f6\u00f6k Trumpile: Netanyahu l\u00fckkas tagasi tema orkestreeritud Gaza-plaani"},"content":{"rendered":"<p>Ta kinnitas seda t\u00e4nasel kabinetin\u00f5upidamisel, kajastab BBC. Iisrael ei tagane praegustelt positsioonidelt Gaza sektoris. Netanyahu lausus, et see juhtuks vaid siis, kui Hamas on t\u00e4ielikult relvitustatud.<\/p>\n<p>Trump oli eelmisel kuul teatanud suurest sammust p\u00fcsiva rahu ja julgeoleku suunas. Nimelt olla Hamas Gaza desarmeerimisega n\u00f5ustunud. BBC sai k\u00e4tte neljalehek\u00fcljelise tegevuskava teksti, milles on s\u00e4testatud mitmeetapiline protsess, mis seob Hamasi desarmeerimise Iisraeli v\u00e4gede j\u00e4rkj\u00e4rgulise tagasit\u00f5mbumisega ning rahvusvahelise stabiliseerimisj\u00f5udude toetusel tegutseva uue Palestiina \u00fcleminekuvalitsuse moodustamisega.<\/p>\n<p>Netanyahu aga kostis vastuseks, et Hamas peab relvitustuma enne, kui Iisrael oma v\u00e4ed Gazast v\u00e4lja viib. Ta selgitas, et Hamasi lubadus ei saa olla n\u00e4iline protsess. Tema s\u00f5nutsi j\u00e4tkuvad n\u00fc\u00fcd USA ametnikega arutelud, kuidas edasi minna.<\/p>\n<p>Ta t\u00f5des, et ameeriklastel on ideid, millest osad on neile vastuv\u00f5etavad ja osad mitte. \u201eMe teame, kuidas teatud k\u00fcsimustes endale kindlaks j\u00e4\u00e4da.\u201c<\/p>\n<p>Tasub meenutada, et vaid m\u00f5ne kuu p\u00e4rast toimuvad Iisraelis valimised. Selle valguses pole Netanyahul ilmselgelt soovi j\u00e4releandmisi teha.<\/p>\n<p>Iisraeli range joon on Trumpi jaoks j\u00e4rjekordne tagasil\u00f6\u00f6k. Ta kuulutas juba mullu septembris, kuidas just tema vedamisel liigutakse rahu suunas.<\/p>\n<p>T\u00e4nane oli ametlik kinnitus plaani tagasil\u00fckkamise kohta, ent tegelikult n\u00e4itas seda juba ka Netanyahu hoiak keset n\u00e4dalat. Ta kinnitas ka siis, et Iisrael ei tagane praegustelt positsioonidelt Gaza sektoris.<\/p>\n<p><a href=\"http:\/\/www.delfi.ee\/artikkel\/120601705\/netanyahu-iisrael-ei-taandu-gazast-kuni-hamas-on-taielikult-relvitustatud#dalrel-in-article\" class=\"content-embedded-articles-single__embedded-article\" data-v-6f4d311d=\"\" rel=\"nofollow noopener\" target=\"_blank\"><\/p>\n<p>05.08.2026<\/p>\n<p>Netanyahu: Iisrael ei taandu Gazast, kuni Hamas on t\u00e4ielikult relvitustatud(34)<\/p>\n<p><\/a>Kuidas see lugu Sind end tundma pani?Saada<a href=\"https:\/\/www.delfi.ee\/artikkel\/120602553\/valus-look-trumpile-netanyahu-lukkas-tagasi-tema-orkestreeritud-gaza-plaani\/kommentaarid\" class=\"button button--primary button--size-auto article-body-bottom__comment article-body-bottom__comment--write\" style=\"\" rel=\"nofollow noopener\" target=\"_blank\">Kommenteeri<\/a><a href=\"https:\/\/www.delfi.ee\/artikkel\/120602553\/valus-look-trumpile-netanyahu-lukkas-tagasi-tema-orkestreeritud-gaza-plaani\/kommentaarid\" class=\"button button--size-auto article-body-bottom__comment article-body-bottom__comment--read\" style=\"\" rel=\"nofollow noopener\" target=\"_blank\">Loe kommentaare (10)<\/a><\/p>\n","protected":false},"excerpt":{"rendered":"Ta kinnitas seda t\u00e4nasel kabinetin\u00f5upidamisel, kajastab BBC. Iisrael ei tagane praegustelt positsioonidelt Gaza sektoris. Netanyahu lausus, et see&hellip;\n","protected":false},"author":2,"featured_media":248003,"comment_status":"","ping_status":"","sticky":false,"template":"","format":"standard","meta":{"footnotes":"","_share_on_mastodon":"0"},"categories":[5],"tags":[621,26,27,37,33,35,34,36,31,32,21,28,29,19,25,23,24,22,20,30],"class_list":["post-248002","post","type-post","status-publish","format-standard","has-post-thumbnail","category-uldised-uudised","tag-benjamin-netanyahu","tag-breaking-news","tag-breakingnews","tag-ee","tag-eesti","tag-eesti-keel","tag-estonia","tag-estonian","tag-featured-news","tag-featurednews","tag-headlines","tag-latest-news","tag-latestnews","tag-news","tag-populaarseimad-lood","tag-top-stories","tag-topstories","tag-uldised-uudised","tag-uudised","tag-viimased-uudised"],"share_on_mastodon":{"url":"https:\/\/pubeurope.com\/@ee\/117066109042314900","error":""},"_links":{"self":[{"href":"https:\/\/www.europesays.com\/ee\/wp-json\/wp\/v2\/posts\/248002","targetHints":{"allow":["GET"]}}],"collection":[{"href":"https:\/\/www.europesays.com\/ee\/wp-json\/wp\/v2\/posts"}],"about":[{"href":"https:\/\/www.europesays.com\/ee\/wp-json\/wp\/v2\/types\/post"}],"author":[{"embeddable":true,"href":"https:\/\/www.europesays.com\/ee\/wp-json\/wp\/v2\/users\/2"}],"replies":[{"embeddable":true,"href":"https:\/\/www.europesays.com\/ee\/wp-json\/wp\/v2\/comments?post=248002"}],"version-history":[{"count":0,"href":"https:\/\/www.europesays.com\/ee\/wp-json\/wp\/v2\/posts\/248002\/revisions"}],"wp:featuredmedia":[{"embeddable":true,"href":"https:\/\/www.europesays.com\/ee\/wp-json\/wp\/v2\/media\/248003"}],"wp:attachment":[{"href":"https:\/\/www.europesays.com\/ee\/wp-json\/wp\/v2\/media?parent=248002"}],"wp:term":[{"taxonomy":"category","embeddable":true,"href":"https:\/\/www.europesays.com\/ee\/wp-json\/wp\/v2\/categories?post=248002"},{"taxonomy":"post_tag","embeddable":true,"href":"https:\/\/www.europesays.com\/ee\/wp-json\/wp\/v2\/tags?post=248002"}],"curies":[{"name":"wp","href":"https:\/\/api.w.org\/{rel}","templated":true}]}}