{"id":248022,"date":"2026-08-09T15:20:08","date_gmt":"2026-08-09T15:20:08","guid":{"rendered":"https:\/\/www.europesays.com\/ee\/248022\/"},"modified":"2026-08-09T15:20:08","modified_gmt":"2026-08-09T15:20:08","slug":"tesla-plahvatas-garaazis-ja-maja-suttis-polema-keegi-ei-tea-miks","status":"publish","type":"post","link":"https:\/\/www.europesays.com\/ee\/248022\/","title":{"rendered":"Tesla plahvatas garaa\u017eis ja maja s\u00fcttis p\u00f5lema. Keegi ei tea, miks"},"content":{"rendered":"<p>Kui p\u00e4\u00e4stemeeskonnad Auburni linnas asuvasse majja j\u00f5udsid, oli tuli ja suits juba garaa\u017eist l\u00e4bi tunginud ja eluruumidesse p\u00e4\u00e4senud. Garaa\u017eis oli Tesla, \u00f5igemini, mis sellest alles oli. S\u00f5iduk oli plahvatanud, v\u00e4itis kohalik \u0161erifijaoskond.<\/p>\n<p>P\u00e4\u00e4stet\u00f6\u00f6tajad kutsusid kohale lisa\u00fcksusi ja hoidsid tule eemal l\u00e4helasuvatest hoonetest. Kaks tulet\u00f5rjujat said vigastada ja viidi kuumusega seotud vigastustega haiglasse. Majaelanikud olid juba enne p\u00e4\u00e4ste kohalej\u00f5udmist majast v\u00e4lja p\u00e4\u00e4senud. Tsiivvigastustest pole teatatud.<\/p>\n<p>Hetkel ei ole teada, kas Tesla laadis plahvatuse ajal v\u00f5i kas selle p\u00f5hjustas s\u00f5iduki aku. Samuti ei ole teada, kas garaa\u017eis v\u00f5is midagi muud enne s\u00fcttida. Kohalik \u0161erif uurib juhtumit, teatas kohalik uudistekanal KING5.<\/p>\n<p>Teslad on aga varemgi leekidesse s\u00fcttinud. Enamik selliseid juhtumeid on toimunud p\u00e4rast liiklus\u00f5nnetusi, kuid on ka olnud juhtumeid, kus Teslad s\u00fcttivad p\u00f5lema iseseisvalt. 2019. aastal <a rel=\"noopener follow nofollow\" target=\"_blank\" href=\"https:\/\/futurism.com\/the-byte\/another-tesla-fire-parked\" data-rel-date-range=\"[]\">teatati <\/a>arvukatest juhtumitest, kus p\u00f5lema l\u00e4ksid pragitud autod n\u00e4iliselt p\u00f5hjuseta. <\/p>\n<p>2023. aastal leidis aset <a rel=\"noopener follow nofollow\" target=\"_blank\" href=\"https:\/\/futurism.com\/the-byte\/tesla-model-s-flames-freeway\" data-rel-date-range=\"[]\">juhtum<\/a>, kus Tesla Model S hakkas keset s\u00f5itu p\u00f5lema. 2022. aastal l\u00e4ks Tesla kolm n\u00e4dalat p\u00e4rast sellega toimunud liiklus\u00f5nnetust p\u00f5lema. Neid juhtumeid on l\u00e4bi aastate palju veel olnud ja paljude puhul ei ole selge, millest tulekahjud algasid, kuid Teslat on <a rel=\"noopener follow nofollow\" target=\"_blank\" href=\"https:\/\/www.businessinsider.com\/tesla-faulty-battery-cooling-systems-design-model-s-2012-2019-6\" data-rel-date-range=\"[]\">varem s\u00fc\u00fcdistatud<\/a> teadlikult vigaste akudega s\u00f5idukite m\u00fc\u00fcmises, et kulusid v\u00e4hendada.<\/p>\n<p>Lisaks on tulet\u00f5rjujad varasemate juhtumite puhul m\u00e4rkinud, et Tesla s\u00f5idukitega seotud tulekahjusid on eriti keeruline kustutada just selle aku t\u00f5ttu, mida ei \u00f5nnestu tihti kiiresti maha jahutada.<\/p>\n<p>Kuidas see lugu Sind end tundma pani?Saada<a href=\"https:\/\/forte.delfi.ee\/artikkel\/120602551\/tesla-plahvatas-garaazis-ja-maja-suttis-polema-keegi-ei-tea-miks\/kommentaarid\" class=\"button button--primary button--size-auto article-body-bottom__comment article-body-bottom__comment--write\" style=\"\" rel=\"nofollow noopener\" target=\"_blank\">Kommenteeri<\/a><a href=\"https:\/\/forte.delfi.ee\/artikkel\/120602551\/tesla-plahvatas-garaazis-ja-maja-suttis-polema-keegi-ei-tea-miks\/kommentaarid\" class=\"button button--size-auto article-body-bottom__comment article-body-bottom__comment--read\" style=\"\" rel=\"nofollow noopener\" target=\"_blank\">Loe kommentaare (4)<\/a><\/p>\n","protected":false},"excerpt":{"rendered":"Kui p\u00e4\u00e4stemeeskonnad Auburni linnas asuvasse majja j\u00f5udsid, oli tuli ja suits juba garaa\u017eist l\u00e4bi tunginud ja eluruumidesse p\u00e4\u00e4senud.&hellip;\n","protected":false},"author":2,"featured_media":248023,"comment_status":"","ping_status":"","sticky":false,"template":"","format":"standard","meta":{"footnotes":"","_share_on_mastodon":"0"},"categories":[80],"tags":[26,27,37,33,35,34,36,31,32,21,28,29,95,19,25,2226,23,24,22,20,30,92,93,94],"class_list":["post-248022","post","type-post","status-publish","format-standard","has-post-thumbnail","category-maailm","tag-breaking-news","tag-breakingnews","tag-ee","tag-eesti","tag-eesti-keel","tag-estonia","tag-estonian","tag-featured-news","tag-featurednews","tag-headlines","tag-latest-news","tag-latestnews","tag-maailm","tag-news","tag-populaarseimad-lood","tag-tesla","tag-top-stories","tag-topstories","tag-uldised-uudised","tag-uudised","tag-viimased-uudised","tag-world","tag-world-news","tag-worldnews"],"share_on_mastodon":{"url":"https:\/\/pubeurope.com\/@ee\/117066230763410416","error":""},"_links":{"self":[{"href":"https:\/\/www.europesays.com\/ee\/wp-json\/wp\/v2\/posts\/248022","targetHints":{"allow":["GET"]}}],"collection":[{"href":"https:\/\/www.europesays.com\/ee\/wp-json\/wp\/v2\/posts"}],"about":[{"href":"https:\/\/www.europesays.com\/ee\/wp-json\/wp\/v2\/types\/post"}],"author":[{"embeddable":true,"href":"https:\/\/www.europesays.com\/ee\/wp-json\/wp\/v2\/users\/2"}],"replies":[{"embeddable":true,"href":"https:\/\/www.europesays.com\/ee\/wp-json\/wp\/v2\/comments?post=248022"}],"version-history":[{"count":0,"href":"https:\/\/www.europesays.com\/ee\/wp-json\/wp\/v2\/posts\/248022\/revisions"}],"wp:featuredmedia":[{"embeddable":true,"href":"https:\/\/www.europesays.com\/ee\/wp-json\/wp\/v2\/media\/248023"}],"wp:attachment":[{"href":"https:\/\/www.europesays.com\/ee\/wp-json\/wp\/v2\/media?parent=248022"}],"wp:term":[{"taxonomy":"category","embeddable":true,"href":"https:\/\/www.europesays.com\/ee\/wp-json\/wp\/v2\/categories?post=248022"},{"taxonomy":"post_tag","embeddable":true,"href":"https:\/\/www.europesays.com\/ee\/wp-json\/wp\/v2\/tags?post=248022"}],"curies":[{"name":"wp","href":"https:\/\/api.w.org\/{rel}","templated":true}]}}