{"id":248102,"date":"2026-08-09T17:32:10","date_gmt":"2026-08-09T17:32:10","guid":{"rendered":"https:\/\/www.europesays.com\/ee\/248102\/"},"modified":"2026-08-09T17:32:10","modified_gmt":"2026-08-09T17:32:10","slug":"eesti-u18-kasipallurid-lopetasid-turniiri-kahe-jarjestikuse-voiduga-postimees-sport","status":"publish","type":"post","link":"https:\/\/www.europesays.com\/ee\/248102\/","title":{"rendered":"Eesti U18 k\u00e4sipallurid l\u00f5petasid turniiri kahe j\u00e4rjestikuse v\u00f5iduga &#8211; Postimees Sport"},"content":{"rendered":"<ol>\n<li><a href=\"https:\/\/news.google.com\/rss\/articles\/CBMipAFBVV95cUxPT3hWNWxXbjdoaXlXSEZTMGFBcVZ1U0JwaGlFRFI5RjRlMlozOXZ0TXlNazNIWXZXUzUxMU95bkpQc3BDVFd2T0tOc3FhUk5zamlPZkRZNmJ4b0E3YVhLamYxVUgzY2hLcE0ybTRPUE01VzZnQm1pRUxkNUNBYkVWZTBMUWY2endZbndXd2tpVVd1LVh2Nk5lMzVZbVJPczF3Z3Mwbw?oc=5\" target=\"_blank\" rel=\"nofollow noopener\">Eesti U18 k\u00e4sipallurid l\u00f5petasid turniiri kahe j\u00e4rjestikuse v\u00f5iduga<\/a>&nbsp;&nbsp;Postimees Sport<\/li>\n<li><a href=\"https:\/\/news.google.com\/rss\/articles\/CBMijwFBVV95cUxPaTluMWExUWdkSUs5Mm1ZRnZEVmxpc2c3S0d5MTV1UzMtU0stZUpEY3FGbGM1QnB5U0RmMVdvNm96andhQk0ydUgxTE5JcEUtU2pWTTFuUmVfNS1qX255X0JjLXNLT2dua3JKTW40QWRBZUU3OGhKS0Fra3JkcDRpOFlKaGdsc0FsYl95OWRpRQ?oc=5\" target=\"_blank\" rel=\"nofollow noopener\">Noored k\u00e4sipallurid alistasid esimeses koham\u00e4ngus L\u00e4ti<\/a>&nbsp;&nbsp;sport | ERR<\/li>\n<li><a href=\"https:\/\/news.google.com\/rss\/articles\/CBMiwAFBVV95cUxNM2JuYVV1eURRbGlnWllhNjRzZUNRYWpIY0NmT05KbFNSZF9tZndOTTJkenc1WjhTRTIwcThCVXJQYVFvRmJmd3V1aGEwQ0w2YWwtM1l6aWJ2Q05vYWtoemJreE55S3h3NDBBUk1TcmR3Y3YyTEM1TE1ncTFGOGZPcmV6bWZEejdoQWxoaWdmSVVyZTBkUGRlM1hDbldYVG8zYWFJa0I0WE4zNDJ1S2tRc200emNBSEpUMGw1MVVKamg?oc=5\" target=\"_blank\" rel=\"nofollow noopener\">K\u00c4SIPALL: Eesti U18 koondis l\u00f5petas turniiri viienda kohaga &#8211; m\u00e4ngud said meie jaoks liiga vara l\u00e4bi<\/a>&nbsp;&nbsp;L\u00f5unaeestlane<\/li>\n<li><a href=\"https:\/\/news.google.com\/rss\/articles\/CBMirgFBVV95cUxONkxTZzdoYlBuZ2JXUkZWakM5c0prc1h0ZV9ERFhvZjhZempxQlhNQ2k0UVNjRmJ1ZDZnT3BocktkRXYwbWlyS3VaaENiWGhkTWY2U1BvaTVhcTdTUHVsTl9vTy1CTkxqV0dBcmw3YkNydzZjVnJ2eUFkejB6QXdyWkZFS0ZSN1ItTUkzQUVLOVdQU3FKNXRLZ1pXX3dvajFaVzByYUl5ZHVtOXVNZFE?oc=5\" target=\"_blank\" rel=\"nofollow noopener\">U18 koondis alistas L\u00e4ti: k\u00fclmade eestlastena oleme l\u00f5puks end k\u00e4ima saanud<\/a>&nbsp;&nbsp;Postimees Sport<\/li>\n<li><a href=\"https:\/\/news.google.com\/rss\/articles\/CBMilwFBVV95cUxPYVdraGpzVkE0VzJoT0hrUUxfT2V4b3FmVWpqcUQzdi04MHc4OEdJOExXUmlqQlFjVHd5WWdBQkk3OHdJWUNsTXZQakQtaVpFZWhVUko5emtncDVOcU9sS2FRc2M3XzZCZENEREtERmxXTzhPUUFaeTVqN01jMjVXdjhzTndjb2hNeDhGZUVDcWlFSmpsUG53?oc=5\" target=\"_blank\" rel=\"nofollow noopener\">Noorte k\u00e4sipallikoondis kaotas alagrupiturniiril ka Kreekale<\/a>&nbsp;&nbsp;sport | ERR<\/li>\n<\/ol>\n","protected":false},"excerpt":{"rendered":"Eesti U18 k\u00e4sipallurid l\u00f5petasid turniiri kahe j\u00e4rjestikuse v\u00f5iduga&nbsp;&nbsp;Postimees Sport Noored k\u00e4sipallurid alistasid esimeses koham\u00e4ngus L\u00e4ti&nbsp;&nbsp;sport | ERR K\u00c4SIPALL:&hellip;\n","protected":false},"author":2,"featured_media":248103,"comment_status":"","ping_status":"","sticky":false,"template":"","format":"standard","meta":{"footnotes":"","_share_on_mastodon":"0"},"categories":[18],"tags":[37,33,35,5289,92017,97305,34,36,97771,13161,97768,3019,97309,97769,97770,97578,93108,159,158,97307],"class_list":["post-248102","post","type-post","status-publish","format-standard","has-post-thumbnail","category-sport","tag-ee","tag-eesti","tag-eesti-keel","tag-eesti-koondis","tag-eesti-u18-kasipallikoondis","tag-ehf-championship-i","tag-estonia","tag-estonian","tag-gabriel-haabma","tag-henri-sillaste","tag-holland-u18-kasipallikoondis","tag-kasipall","tag-lati-u18-kasipallikoondis","tag-noortespordivoistlused","tag-roger-pajur","tag-sander-slivin","tag-skopje","tag-sport","tag-sports","tag-timo-roomere"],"share_on_mastodon":{"url":"https:\/\/pubeurope.com\/@ee\/117066750062408092","error":""},"_links":{"self":[{"href":"https:\/\/www.europesays.com\/ee\/wp-json\/wp\/v2\/posts\/248102","targetHints":{"allow":["GET"]}}],"collection":[{"href":"https:\/\/www.europesays.com\/ee\/wp-json\/wp\/v2\/posts"}],"about":[{"href":"https:\/\/www.europesays.com\/ee\/wp-json\/wp\/v2\/types\/post"}],"author":[{"embeddable":true,"href":"https:\/\/www.europesays.com\/ee\/wp-json\/wp\/v2\/users\/2"}],"replies":[{"embeddable":true,"href":"https:\/\/www.europesays.com\/ee\/wp-json\/wp\/v2\/comments?post=248102"}],"version-history":[{"count":0,"href":"https:\/\/www.europesays.com\/ee\/wp-json\/wp\/v2\/posts\/248102\/revisions"}],"wp:featuredmedia":[{"embeddable":true,"href":"https:\/\/www.europesays.com\/ee\/wp-json\/wp\/v2\/media\/248103"}],"wp:attachment":[{"href":"https:\/\/www.europesays.com\/ee\/wp-json\/wp\/v2\/media?parent=248102"}],"wp:term":[{"taxonomy":"category","embeddable":true,"href":"https:\/\/www.europesays.com\/ee\/wp-json\/wp\/v2\/categories?post=248102"},{"taxonomy":"post_tag","embeddable":true,"href":"https:\/\/www.europesays.com\/ee\/wp-json\/wp\/v2\/tags?post=248102"}],"curies":[{"name":"wp","href":"https:\/\/api.w.org\/{rel}","templated":true}]}}