{"id":248164,"date":"2026-08-09T19:28:10","date_gmt":"2026-08-09T19:28:10","guid":{"rendered":"https:\/\/www.europesays.com\/ee\/248164\/"},"modified":"2026-08-09T19:28:10","modified_gmt":"2026-08-09T19:28:10","slug":"eesti-3x3-koondised-jaid-nordic-cupil-alistamatuks","status":"publish","type":"post","link":"https:\/\/www.europesays.com\/ee\/248164\/","title":{"rendered":"Eesti 3&#215;3 koondised j\u00e4id Nordic Cupil alistamatuks"},"content":{"rendered":"<p>Eesti meeste koondis m\u00e4ngis seekord koosseisus Jorgen Rikberg, Aleksander Oliver Hint, Mihkel Kirves ja Jaan Puidet. Juunis Bukarestis peetud EM-valikturniiril aitas Eestil finaalturniiri p\u00e4\u00e4sme kindlustada Oliver Metsalu, kuid Nordic Cupil t\u00e4itis tema rolli Mihkel Kirves. Meeskond alustas turniiri v\u00f5itudega Soome (21:15), Rootsi (21:19) ja Norra (21:13) \u00fcle. P\u00fchap\u00e4eval alistati alagrupis ka Taani 22:9.<\/p>\n","protected":false},"excerpt":{"rendered":"Eesti meeste koondis m\u00e4ngis seekord koosseisus Jorgen Rikberg, Aleksander Oliver Hint, Mihkel Kirves ja Jaan Puidet. Juunis Bukarestis&hellip;\n","protected":false},"author":2,"featured_media":248165,"comment_status":"","ping_status":"","sticky":false,"template":"","format":"standard","meta":{"footnotes":"","_share_on_mastodon":"0"},"categories":[5],"tags":[25996,47395,26,27,37,33,80567,35,97781,97782,34,36,31,32,21,84737,97784,17754,6270,28,29,3115,19,97783,1437,25,889,8911,113,264,23,24,22,20,30],"class_list":["post-248164","post","type-post","status-publish","format-standard","has-post-thumbnail","category-uldised-uudised","tag-3x3-korvpall","tag-aleksander-oliver-hint","tag-breaking-news","tag-breakingnews","tag-ee","tag-eesti","tag-eesti-3x3-korvpallikoondis","tag-eesti-keel","tag-eesti-meeste-3x3-koondis","tag-eesti-naiste-3x3-koondis","tag-estonia","tag-estonian","tag-featured-news","tag-featurednews","tag-headlines","tag-jaan-puidet","tag-johanna-teder","tag-jorgen-rikberg","tag-kadri-ann-lass","tag-latest-news","tag-latestnews","tag-mihkel-kirves","tag-news","tag-nordic-cup","tag-norra","tag-populaarseimad-lood","tag-rootsi","tag-sofia-kosareva","tag-soome","tag-taani","tag-top-stories","tag-topstories","tag-uldised-uudised","tag-uudised","tag-viimased-uudised"],"share_on_mastodon":{"url":"","error":"Validation failed: Text character limit of 500 exceeded"},"_links":{"self":[{"href":"https:\/\/www.europesays.com\/ee\/wp-json\/wp\/v2\/posts\/248164","targetHints":{"allow":["GET"]}}],"collection":[{"href":"https:\/\/www.europesays.com\/ee\/wp-json\/wp\/v2\/posts"}],"about":[{"href":"https:\/\/www.europesays.com\/ee\/wp-json\/wp\/v2\/types\/post"}],"author":[{"embeddable":true,"href":"https:\/\/www.europesays.com\/ee\/wp-json\/wp\/v2\/users\/2"}],"replies":[{"embeddable":true,"href":"https:\/\/www.europesays.com\/ee\/wp-json\/wp\/v2\/comments?post=248164"}],"version-history":[{"count":0,"href":"https:\/\/www.europesays.com\/ee\/wp-json\/wp\/v2\/posts\/248164\/revisions"}],"wp:featuredmedia":[{"embeddable":true,"href":"https:\/\/www.europesays.com\/ee\/wp-json\/wp\/v2\/media\/248165"}],"wp:attachment":[{"href":"https:\/\/www.europesays.com\/ee\/wp-json\/wp\/v2\/media?parent=248164"}],"wp:term":[{"taxonomy":"category","embeddable":true,"href":"https:\/\/www.europesays.com\/ee\/wp-json\/wp\/v2\/categories?post=248164"},{"taxonomy":"post_tag","embeddable":true,"href":"https:\/\/www.europesays.com\/ee\/wp-json\/wp\/v2\/tags?post=248164"}],"curies":[{"name":"wp","href":"https:\/\/api.w.org\/{rel}","templated":true}]}}