{"id":24822,"date":"2025-10-22T06:14:13","date_gmt":"2025-10-22T06:14:13","guid":{"rendered":"https:\/\/www.europesays.com\/ee\/24822\/"},"modified":"2025-10-22T06:14:13","modified_gmt":"2025-10-22T06:14:13","slug":"imeline-geeniteraapia-%e2%9f%a9-kurdina-sundinud-tudrukutirts-hakkas-kuulma","status":"publish","type":"post","link":"https:\/\/www.europesays.com\/ee\/24822\/","title":{"rendered":"IMELINE GEENITERAAPIA \u27e9 Kurdina s\u00fcndinud t\u00fcdrukutirts hakkas kuulma"},"content":{"rendered":"<p>Suurbritannias Oxfordshire\u2019is s\u00fcndinud Opal ja tema praeguseks kuueaastane \u00f5de Nora olid s\u00fcndides t\u00e4iesti kurdid, vahendavad <a target=\"_blank\" rel=\"noopener noreferrer nofollow\" href=\"https:\/\/www.cuh.nhs.uk\/news\/baby-born-deaf-can-hear-after-breakthrough-gene-therapy\/\">Cambridge\u2019i \u00fclikoolihaigla<\/a>, <a target=\"_blank\" rel=\"noopener noreferrer nofollow\" href=\"https:\/\/abcnews.go.com\/GMA\/Wellness\/3-year-old-born-deaf-can-hear-gene-therapy-treatement\/story?id=126591975\">ABC News<\/a> ja <a target=\"_blank\" rel=\"noopener noreferrer nofollow\" href=\"https:\/\/www.goodmorningamerica.com\/\">Good Mornging America<\/a>. Laste ema Jo Sandy s\u00f5nul l\u00f6\u00f6di Opali selja taga katsetamise eesm\u00e4rgil hiiglaslikke trumme ja m\u00e4ngiti pille, kuid pisike t\u00fcdruk ei reageerinud isegi k\u00f5ige valjematele helidele. P\u00f5hjuseks oli haruldane geenidefekt.<\/p>\n","protected":false},"excerpt":{"rendered":"Suurbritannias Oxfordshire\u2019is s\u00fcndinud Opal ja tema praeguseks kuueaastane \u00f5de Nora olid s\u00fcndides t\u00e4iesti kurdid, vahendavad Cambridge\u2019i \u00fclikoolihaigla, ABC&hellip;\n","protected":false},"author":2,"featured_media":24823,"comment_status":"","ping_status":"","sticky":false,"template":"","format":"standard","meta":{"footnotes":"","_share_on_mastodon":"0"},"categories":[80],"tags":[26,27,37,33,35,34,36,31,32,13717,21,13720,13718,13719,13722,13721,10878,28,29,95,19,25,559,23,24,22,20,30,92,93,94],"class_list":["post-24822","post","type-post","status-publish","format-standard","has-post-thumbnail","category-maailm","tag-breaking-news","tag-breakingnews","tag-ee","tag-eesti","tag-eesti-keel","tag-estonia","tag-estonian","tag-featured-news","tag-featurednews","tag-geeniteraapia","tag-headlines","tag-korvakuulmine","tag-kurt","tag-kurtus","tag-kuulja","tag-kuulma","tag-kuulmine","tag-latest-news","tag-latestnews","tag-maailm","tag-news","tag-populaarseimad-lood","tag-ravi","tag-top-stories","tag-topstories","tag-uldised-uudised","tag-uudised","tag-viimased-uudised","tag-world","tag-world-news","tag-worldnews"],"share_on_mastodon":{"url":"","error":""},"_links":{"self":[{"href":"https:\/\/www.europesays.com\/ee\/wp-json\/wp\/v2\/posts\/24822","targetHints":{"allow":["GET"]}}],"collection":[{"href":"https:\/\/www.europesays.com\/ee\/wp-json\/wp\/v2\/posts"}],"about":[{"href":"https:\/\/www.europesays.com\/ee\/wp-json\/wp\/v2\/types\/post"}],"author":[{"embeddable":true,"href":"https:\/\/www.europesays.com\/ee\/wp-json\/wp\/v2\/users\/2"}],"replies":[{"embeddable":true,"href":"https:\/\/www.europesays.com\/ee\/wp-json\/wp\/v2\/comments?post=24822"}],"version-history":[{"count":0,"href":"https:\/\/www.europesays.com\/ee\/wp-json\/wp\/v2\/posts\/24822\/revisions"}],"wp:featuredmedia":[{"embeddable":true,"href":"https:\/\/www.europesays.com\/ee\/wp-json\/wp\/v2\/media\/24823"}],"wp:attachment":[{"href":"https:\/\/www.europesays.com\/ee\/wp-json\/wp\/v2\/media?parent=24822"}],"wp:term":[{"taxonomy":"category","embeddable":true,"href":"https:\/\/www.europesays.com\/ee\/wp-json\/wp\/v2\/categories?post=24822"},{"taxonomy":"post_tag","embeddable":true,"href":"https:\/\/www.europesays.com\/ee\/wp-json\/wp\/v2\/tags?post=24822"}],"curies":[{"name":"wp","href":"https:\/\/api.w.org\/{rel}","templated":true}]}}