{"id":248220,"date":"2026-08-10T02:30:18","date_gmt":"2026-08-10T02:30:18","guid":{"rendered":"https:\/\/www.europesays.com\/ee\/248220\/"},"modified":"2026-08-10T02:30:18","modified_gmt":"2026-08-10T02:30:18","slug":"netanyahu-lukkas-tagasi-trumpi-kiidetud-gaza-plaani","status":"publish","type":"post","link":"https:\/\/www.europesays.com\/ee\/248220\/","title":{"rendered":"Netanyahu l\u00fckkas tagasi Trumpi kiidetud Gaza-plaani"},"content":{"rendered":"<p>Iisraeli peaminister Benjamin Netanyahu l\u00fckkas p\u00fchap\u00e4eval tagasi USA presidendi Donald Trumpi kiidetud Gaza rahuplaani, lubades, et s\u00f5jav\u00e4gi ei lahku enne, kui \u00e4\u00e4rmusr\u00fchmitus Hamas on t\u00f5eliselt relvitustatud.<\/p>\n<p>P\u00e4rast enam kui n\u00e4dal aega kestnud ja plaani suhtes j\u00e4rk-j\u00e4rgult kasvanud kriitikat v\u00e4ljendas Netanyahu sellele selges\u00f5nalist vastuseisu, seistes enne valimisi silmitsi oma parempoolsete toetajate survega.<\/p>\n","protected":false},"excerpt":{"rendered":"Iisraeli peaminister Benjamin Netanyahu l\u00fckkas p\u00fchap\u00e4eval tagasi USA presidendi Donald Trumpi kiidetud Gaza rahuplaani, lubades, et s\u00f5jav\u00e4gi ei&hellip;\n","protected":false},"author":2,"featured_media":248221,"comment_status":"","ping_status":"","sticky":false,"template":"","format":"standard","meta":{"footnotes":"","_share_on_mastodon":"0"},"categories":[5],"tags":[621,26,27,324,37,33,35,34,36,31,32,8562,7145,764,21,619,28,29,19,25,23,24,22,20,30],"class_list":["post-248220","post","type-post","status-publish","format-standard","has-post-thumbnail","category-uldised-uudised","tag-benjamin-netanyahu","tag-breaking-news","tag-breakingnews","tag-donald-trump","tag-ee","tag-eesti","tag-eesti-keel","tag-estonia","tag-estonian","tag-featured-news","tag-featurednews","tag-gaza-rahuplaan","tag-gaza-sektor","tag-hamas","tag-headlines","tag-iisrael","tag-latest-news","tag-latestnews","tag-news","tag-populaarseimad-lood","tag-top-stories","tag-topstories","tag-uldised-uudised","tag-uudised","tag-viimased-uudised"],"share_on_mastodon":{"url":"https:\/\/pubeurope.com\/@ee\/117068865591116317","error":""},"_links":{"self":[{"href":"https:\/\/www.europesays.com\/ee\/wp-json\/wp\/v2\/posts\/248220","targetHints":{"allow":["GET"]}}],"collection":[{"href":"https:\/\/www.europesays.com\/ee\/wp-json\/wp\/v2\/posts"}],"about":[{"href":"https:\/\/www.europesays.com\/ee\/wp-json\/wp\/v2\/types\/post"}],"author":[{"embeddable":true,"href":"https:\/\/www.europesays.com\/ee\/wp-json\/wp\/v2\/users\/2"}],"replies":[{"embeddable":true,"href":"https:\/\/www.europesays.com\/ee\/wp-json\/wp\/v2\/comments?post=248220"}],"version-history":[{"count":0,"href":"https:\/\/www.europesays.com\/ee\/wp-json\/wp\/v2\/posts\/248220\/revisions"}],"wp:featuredmedia":[{"embeddable":true,"href":"https:\/\/www.europesays.com\/ee\/wp-json\/wp\/v2\/media\/248221"}],"wp:attachment":[{"href":"https:\/\/www.europesays.com\/ee\/wp-json\/wp\/v2\/media?parent=248220"}],"wp:term":[{"taxonomy":"category","embeddable":true,"href":"https:\/\/www.europesays.com\/ee\/wp-json\/wp\/v2\/categories?post=248220"},{"taxonomy":"post_tag","embeddable":true,"href":"https:\/\/www.europesays.com\/ee\/wp-json\/wp\/v2\/tags?post=248220"}],"curies":[{"name":"wp","href":"https:\/\/api.w.org\/{rel}","templated":true}]}}