{"id":248306,"date":"2026-08-10T06:21:12","date_gmt":"2026-08-10T06:21:12","guid":{"rendered":"https:\/\/www.europesays.com\/ee\/248306\/"},"modified":"2026-08-10T06:21:12","modified_gmt":"2026-08-10T06:21:12","slug":"dokumentalistide-gildi-kolleegipreemia-palvis-kullar-viimne-film","status":"publish","type":"post","link":"https:\/\/www.europesays.com\/ee\/248306\/","title":{"rendered":"Dokumentalistide Gildi kolleegipreemia p\u00e4lvis Kullar Viimne | Film"},"content":{"rendered":"<p>Augusti esimesel n\u00e4dalal toimus Aegna saarel Eesti Dokumentalistide Gildi suvekool, kus anti v\u00e4lja kolleegipreemia Doki Kild, mille sel aastal p\u00e4lvis Kullar Viimne filmi &#8220;Torn&#8221; eest.<\/p>\n<p>&#8220;Kolleegide antud preemia on suurim v\u00f5imalik tunnustus. Seda suurem on r\u00f5\u00f5m, et &#8220;Torni&#8221; m\u00e4rkas ja tunnustas just Eesti Dokumentalistide Gild. Olen s\u00fcdamest t\u00e4nulik oma heale kolleegile ja kaasm\u00f5tlejale Erik Norkroosile, kes on minu filmiideedesse uskunud juba filmikooli p\u00e4evist ning aidanud neid ellu viia. Sama t\u00e4nulik olen kogu &#8220;Torni&#8221; meeskonnale: Mart Kessel-Otsa, Harmo Kallaste, Lauri Laasik ja Indrek K\u00f6ster. Oleme koos filme teinud \u00fcle k\u00fcmne aasta ning see usaldus ja \u00fchine teekond on olnud \u00fcks suurimaid v\u00e4\u00e4rtusi minu filmitegija elus. Dokumentaalfilm s\u00fcnnib alati meeskonnat\u00f6\u00f6na ning on \u00e4\u00e4retult liigutav kui meie \u00fchist pingutust tunnustavad just kolleegid, kes teavad k\u00f5ige paremini, mida \u00fche filmi valmimine tegelikult t\u00e4hendab&#8221;, s\u00f5nas Kullar Viimne auhinda vastu v\u00f5ttes.<\/p>\n<p>Dokumentalistide Gildi auhind valitakse v\u00e4lja viimases aastaringis esilinastunud dokumentaalfilmidele ja h\u00e4\u00e4le saavad anda k\u00f5ik Gildi liikmed. Eelnevatel aastatel on auhinna saanud Nora S\u00e4rak, Joosep Matjus, Jaanis Valk, Sandra J\u00f5geva, Marko Raat, Marta Pulk, Carlos E. Lesmes, Rainer Sarnet, Anna Hints, Liis Nimik ja Jaan Tootsen. Traditsiooniliselt on Doki Kild kunstiteos ja t\u00e4navu oli selleks Tuuli Vahesaare ja Martin Laiapea skulptuur, kahe n\u00e4oga jonnipunn &#8220;Anna jonn&#8221;.<\/p>\n<p>Auhind anti \u00fcle 4. kuni 6. augustil toimunud suvekoolis. T\u00e4navuse suvekooli keskmes olid k\u00fcsimused ambitsioonist dokumentalistikas, videoessee kui filmidest r\u00e4\u00e4kimise vorm, toimus Raimo J\u00f5eranna valmiva dokfilmi test-kuulamine, Rachel Close&#8217;i isikliku filmi &#8220;Something familiar&#8221; p\u00f5hjal arutleti koos autoriga first-person dokumentaalfilmi teemadel, tutvustati filmiamat\u00f6\u00f6r Kaupo Klooreni t\u00f6id 1970ndatest aastatest ning toimus valgusmeister Taivo Tenso praktiline t\u00f6\u00f6tuba re\u017eiss\u00f6\u00f6ridele, esmaabi kursus ning matk Aegna saarel.<\/p>\n","protected":false},"excerpt":{"rendered":"Augusti esimesel n\u00e4dalal toimus Aegna saarel Eesti Dokumentalistide Gildi suvekool, kus anti v\u00e4lja kolleegipreemia Doki Kild, mille sel&hellip;\n","protected":false},"author":2,"featured_media":248307,"comment_status":"","ping_status":"","sticky":false,"template":"","format":"standard","meta":{"footnotes":"","_share_on_mastodon":"0"},"categories":[16],"tags":[3192,97810,97811,37,33,35,173,34,36,208,3190,140,2686],"class_list":["post-248306","post","type-post","status-publish","format-standard","has-post-thumbnail","category-meelelahutus","tag-dokfilm","tag-dokumentalistide-gild","tag-dokumentalistide-gildi-suvekool","tag-ee","tag-eesti","tag-eesti-keel","tag-entertainment","tag-estonia","tag-estonian","tag-film","tag-kullar-viimne","tag-meelelahutus","tag-torn"],"share_on_mastodon":{"url":"https:\/\/pubeurope.com\/@ee\/117069774040024180","error":""},"_links":{"self":[{"href":"https:\/\/www.europesays.com\/ee\/wp-json\/wp\/v2\/posts\/248306","targetHints":{"allow":["GET"]}}],"collection":[{"href":"https:\/\/www.europesays.com\/ee\/wp-json\/wp\/v2\/posts"}],"about":[{"href":"https:\/\/www.europesays.com\/ee\/wp-json\/wp\/v2\/types\/post"}],"author":[{"embeddable":true,"href":"https:\/\/www.europesays.com\/ee\/wp-json\/wp\/v2\/users\/2"}],"replies":[{"embeddable":true,"href":"https:\/\/www.europesays.com\/ee\/wp-json\/wp\/v2\/comments?post=248306"}],"version-history":[{"count":0,"href":"https:\/\/www.europesays.com\/ee\/wp-json\/wp\/v2\/posts\/248306\/revisions"}],"wp:featuredmedia":[{"embeddable":true,"href":"https:\/\/www.europesays.com\/ee\/wp-json\/wp\/v2\/media\/248307"}],"wp:attachment":[{"href":"https:\/\/www.europesays.com\/ee\/wp-json\/wp\/v2\/media?parent=248306"}],"wp:term":[{"taxonomy":"category","embeddable":true,"href":"https:\/\/www.europesays.com\/ee\/wp-json\/wp\/v2\/categories?post=248306"},{"taxonomy":"post_tag","embeddable":true,"href":"https:\/\/www.europesays.com\/ee\/wp-json\/wp\/v2\/tags?post=248306"}],"curies":[{"name":"wp","href":"https:\/\/api.w.org\/{rel}","templated":true}]}}