{"id":248342,"date":"2026-08-10T06:57:21","date_gmt":"2026-08-10T06:57:21","guid":{"rendered":"https:\/\/www.europesays.com\/ee\/248342\/"},"modified":"2026-08-10T06:57:21","modified_gmt":"2026-08-10T06:57:21","slug":"venemaa-rundas-sumot-viie-liugpommiga-kannatada-sai-14-inimest","status":"publish","type":"post","link":"https:\/\/www.europesays.com\/ee\/248342\/","title":{"rendered":"Venemaa r\u00fcndas Sum\u00f5t viie liugpommiga. Kannatada sai 14 inimest"},"content":{"rendered":"<p>Alguses teatas Sum\u00f5 oblasti s\u00f5jaadministratsiooni juht Oleh Hr\u00f5horov viiest l\u00f6\u00f6gist tsiviiltaristu pihta kolmes kohas kahes rajoonis ja v\u00e4hemalt viiest kannatanust.<\/p>\n<p>Kahjustada said eramajad, kortermajad ja taristuobjektid.<\/p>\n<p>Sum\u00f5 linna s\u00f5jaadmnistratsiooni juht Serhi Kr\u00f5vo\u0161ejenko teatas hiljem, et kannatada sai 14 inimest.<\/p>\n<p>Kuidas see lugu Sind end tundma pani?Saada<a href=\"https:\/\/www.delfi.ee\/artikkel\/120602625\/venemaa-rundas-sumot-viie-liugpommiga-kannatada-sai-14-inimest\/kommentaarid\" class=\"button button--primary button--size-auto article-body-bottom__comment article-body-bottom__comment--write\" style=\"\" rel=\"nofollow noopener\" target=\"_blank\">Kommenteeri<\/a><a href=\"https:\/\/www.delfi.ee\/artikkel\/120602625\/venemaa-rundas-sumot-viie-liugpommiga-kannatada-sai-14-inimest\/kommentaarid\" class=\"button button--size-auto article-body-bottom__comment article-body-bottom__comment--read\" style=\"\" rel=\"nofollow noopener\" target=\"_blank\">Loe kommentaare (3)<\/a><\/p>\n","protected":false},"excerpt":{"rendered":"Alguses teatas Sum\u00f5 oblasti s\u00f5jaadministratsiooni juht Oleh Hr\u00f5horov viiest l\u00f6\u00f6gist tsiviiltaristu pihta kolmes kohas kahes rajoonis ja v\u00e4hemalt&hellip;\n","protected":false},"author":2,"featured_media":248343,"comment_status":"","ping_status":"","sticky":false,"template":"","format":"standard","meta":{"footnotes":"","_share_on_mastodon":"0"},"categories":[80],"tags":[26,27,37,33,35,34,36,31,32,21,28,29,95,19,25,107,1840,23,24,262,22,20,96,30,92,93,94],"class_list":["post-248342","post","type-post","status-publish","format-standard","has-post-thumbnail","category-maailm","tag-breaking-news","tag-breakingnews","tag-ee","tag-eesti","tag-eesti-keel","tag-estonia","tag-estonian","tag-featured-news","tag-featurednews","tag-headlines","tag-latest-news","tag-latestnews","tag-maailm","tag-news","tag-populaarseimad-lood","tag-soda-ukrainas","tag-sumo","tag-top-stories","tag-topstories","tag-ukraina","tag-uldised-uudised","tag-uudised","tag-venemaa","tag-viimased-uudised","tag-world","tag-world-news","tag-worldnews"],"share_on_mastodon":{"url":"https:\/\/pubeurope.com\/@ee\/117069915317593328","error":""},"_links":{"self":[{"href":"https:\/\/www.europesays.com\/ee\/wp-json\/wp\/v2\/posts\/248342","targetHints":{"allow":["GET"]}}],"collection":[{"href":"https:\/\/www.europesays.com\/ee\/wp-json\/wp\/v2\/posts"}],"about":[{"href":"https:\/\/www.europesays.com\/ee\/wp-json\/wp\/v2\/types\/post"}],"author":[{"embeddable":true,"href":"https:\/\/www.europesays.com\/ee\/wp-json\/wp\/v2\/users\/2"}],"replies":[{"embeddable":true,"href":"https:\/\/www.europesays.com\/ee\/wp-json\/wp\/v2\/comments?post=248342"}],"version-history":[{"count":0,"href":"https:\/\/www.europesays.com\/ee\/wp-json\/wp\/v2\/posts\/248342\/revisions"}],"wp:featuredmedia":[{"embeddable":true,"href":"https:\/\/www.europesays.com\/ee\/wp-json\/wp\/v2\/media\/248343"}],"wp:attachment":[{"href":"https:\/\/www.europesays.com\/ee\/wp-json\/wp\/v2\/media?parent=248342"}],"wp:term":[{"taxonomy":"category","embeddable":true,"href":"https:\/\/www.europesays.com\/ee\/wp-json\/wp\/v2\/categories?post=248342"},{"taxonomy":"post_tag","embeddable":true,"href":"https:\/\/www.europesays.com\/ee\/wp-json\/wp\/v2\/tags?post=248342"}],"curies":[{"name":"wp","href":"https:\/\/api.w.org\/{rel}","templated":true}]}}