{"id":248452,"date":"2026-08-10T09:02:19","date_gmt":"2026-08-10T09:02:19","guid":{"rendered":"https:\/\/www.europesays.com\/ee\/248452\/"},"modified":"2026-08-10T09:02:19","modified_gmt":"2026-08-10T09:02:19","slug":"kaupade-eksport-ja-import-kasvasid-juunis-margatavalt","status":"publish","type":"post","link":"https:\/\/www.europesays.com\/ee\/248452\/","title":{"rendered":"Kaupade eksport ja import kasvasid juunis m\u00e4rgatavalt"},"content":{"rendered":"<p>Statistikaameti v\u00e4liskaubandusstatistika teenusejuhi Evelin Puura s\u00f5nul kasvas kaupade eksport ja import esimeses kvartalis 4%, teises kvartalis kasv hoogustus \u2013 kaupu eksporditi 13% ja imporditi 11% rohkem kui aasta varem. 2026. aasta esimese kuue kuu jooksul eksporditi kaupu jooksevhindades ligi 10,1 miljardi ja imporditi ligi 12 miljardi euro eest. <\/p>\n<p>\u201eK\u00f5ige enam eksporditi esimesel poolaastal elektriseadmeid ning p\u00f5llumajandussaaduseid ja toidukaupu, imporditi aga elektriseadmeid ja transpordivahendeid. Peamised ekspordipartnerid olid Soome, L\u00e4ti, Leedu ja Rootsi ning impordipartnerid Soome, Saksamaa ja L\u00e4ti,\u201c lisas Puura.<\/p>\n<p>Juunis suurenes kaupade eksport enim Soome<\/p>\n<p>K\u00f5ige rohkem eksporditi juunis elektriseadmeid (14% koguekspordist), p\u00f5llumajandussaaduseid ja toidukaupu (12%) ning transpordivahendeid (11%). Enim suurenes mineraalsete toodete (62 miljoni euro v\u00f5rra ehk 62%), metalli ja metalltoodete (28 miljoni euro v\u00f5rra ehk 25%) ning p\u00f5llumajandussaaduste ja toidukaupade (27 miljoni euro v\u00f5rra ehk 15%), sh nisu, rapsi\u00f5li, kakaopasta ja herneste v\u00e4ljavedu Eestist.<\/p>\n<p>Eesti p\u00e4ritolu kaubad moodustasid juunis koguekspordist 64%, nende v\u00e4ljavedu kasvas aastaga 15%. Enim suurenes Eesti p\u00e4ritolu elektriseadmete (sh seadmeosade), metalli ja metalltoodete (sh metallkonstruktsioonide) ning mineraalsete toodete (sh p\u00f5levkivik\u00fctte\u00f5li) v\u00e4ljavedu. Varem imporditud kaupade taasv\u00e4ljavedu ehk reeksport suurenes 15%. K\u00f5ige rohkem kasvas mineraalsete toodete taasv\u00e4ljavedu.<\/p>\n<p>K\u00f5ige enam eksporditi kaupa Soome (16% koguekspordist), L\u00e4tti (11%) ja Leetu (9%). Soome viidi enim elektriseadmeid ning L\u00e4tti ja Leetu transpordivahendeid. K\u00f5ige rohkem kasvas kaupade v\u00e4ljavedu Soome (54 miljoni euro v\u00f5rra ehk 26%) ja Hollandisse (43 miljoni euro v\u00f5rra ehk 94%), kuhu viidi varasemast rohkem mineraalseid tooteid. Soome viidi enam maagaasi ja Hollandisse p\u00f5levkivik\u00fctte\u00f5li.<\/p>\n<p>Peamised impordipartnerid olid Soome, Saksamaa ja L\u00e4ti<\/p>\n<p>K\u00f5ige rohkem imporditi juunis elektriseadmeid (15% koguimpordist), transpordivahendeid (14%) ning p\u00f5llumajandussaaduseid ja toidukaupu (12%). Eelmise aasta juuniga v\u00f5rreldes kasvas k\u00f5ige rohkem ehk 90 miljoni euro v\u00f5rra mineraalsete toodete (86%), sh maagaasi ja elektrienergia import Eestisse. Mullusest rohkem imporditi ka elektriseadmeid (70 miljoni euro v\u00f5rra ehk 29%).<\/p>\n<p>Peamised impordipartnerid olid Soome, Saksamaa ja L\u00e4ti (k\u00f5ik moodustasid 11% koguimpordist). Soomest toodi enim mineraalseid tooteid, L\u00e4tist p\u00f5llumajandussaaduseid ja toidukaupu ning Saksamaalt transpordivahendeid. K\u00f5ige rohkem kasvas kaupade sissevedu Hollandist (48 miljoni euro v\u00f5rra ehk 47%), Soomest (44 miljoni euro v\u00f5rra ehk 24%) ja L\u00e4tist (43 miljoni euro v\u00f5rra ehk 24%), kust toodi mullusest enam mineraalseid tooteid.<\/p>\n<p>Kuidas see lugu Sind end tundma pani?Saada<a href=\"https:\/\/arileht.delfi.ee\/artikkel\/120602618\/juunis-kasvasid-joudsalt-nii-kaupade-eksport-kui-ka-import\/kommentaarid\" class=\"button button--primary button--size-auto article-body-bottom__comment article-body-bottom__comment--write\" style=\"\" rel=\"nofollow noopener\" target=\"_blank\">Kommenteeri<\/a><a href=\"https:\/\/arileht.delfi.ee\/artikkel\/120602618\/juunis-kasvasid-joudsalt-nii-kaupade-eksport-kui-ka-import\/kommentaarid\" class=\"button button--size-auto article-body-bottom__comment article-body-bottom__comment--read\" style=\"\" rel=\"nofollow noopener\" target=\"_blank\">Loe kommentaare (5)<\/a><\/p>\n","protected":false},"excerpt":{"rendered":"Statistikaameti v\u00e4liskaubandusstatistika teenusejuhi Evelin Puura s\u00f5nul kasvas kaupade eksport ja import esimeses kvartalis 4%, teises kvartalis kasv hoogustus&hellip;\n","protected":false},"author":2,"featured_media":248453,"comment_status":"","ping_status":"","sticky":false,"template":"","format":"standard","meta":{"footnotes":"","_share_on_mastodon":"0"},"categories":[5],"tags":[26,27,37,33,35,1850,34,36,31,32,21,6746,28,29,19,25,2559,23,24,22,20,30],"class_list":["post-248452","post","type-post","status-publish","format-standard","has-post-thumbnail","category-uldised-uudised","tag-breaking-news","tag-breakingnews","tag-ee","tag-eesti","tag-eesti-keel","tag-eksport","tag-estonia","tag-estonian","tag-featured-news","tag-featurednews","tag-headlines","tag-import","tag-latest-news","tag-latestnews","tag-news","tag-populaarseimad-lood","tag-statistikaamet","tag-top-stories","tag-topstories","tag-uldised-uudised","tag-uudised","tag-viimased-uudised"],"share_on_mastodon":{"url":"https:\/\/pubeurope.com\/@ee\/117070407078212842","error":""},"_links":{"self":[{"href":"https:\/\/www.europesays.com\/ee\/wp-json\/wp\/v2\/posts\/248452","targetHints":{"allow":["GET"]}}],"collection":[{"href":"https:\/\/www.europesays.com\/ee\/wp-json\/wp\/v2\/posts"}],"about":[{"href":"https:\/\/www.europesays.com\/ee\/wp-json\/wp\/v2\/types\/post"}],"author":[{"embeddable":true,"href":"https:\/\/www.europesays.com\/ee\/wp-json\/wp\/v2\/users\/2"}],"replies":[{"embeddable":true,"href":"https:\/\/www.europesays.com\/ee\/wp-json\/wp\/v2\/comments?post=248452"}],"version-history":[{"count":0,"href":"https:\/\/www.europesays.com\/ee\/wp-json\/wp\/v2\/posts\/248452\/revisions"}],"wp:featuredmedia":[{"embeddable":true,"href":"https:\/\/www.europesays.com\/ee\/wp-json\/wp\/v2\/media\/248453"}],"wp:attachment":[{"href":"https:\/\/www.europesays.com\/ee\/wp-json\/wp\/v2\/media?parent=248452"}],"wp:term":[{"taxonomy":"category","embeddable":true,"href":"https:\/\/www.europesays.com\/ee\/wp-json\/wp\/v2\/categories?post=248452"},{"taxonomy":"post_tag","embeddable":true,"href":"https:\/\/www.europesays.com\/ee\/wp-json\/wp\/v2\/tags?post=248452"}],"curies":[{"name":"wp","href":"https:\/\/api.w.org\/{rel}","templated":true}]}}