{"id":248622,"date":"2026-08-10T12:08:07","date_gmt":"2026-08-10T12:08:07","guid":{"rendered":"https:\/\/www.europesays.com\/ee\/248622\/"},"modified":"2026-08-10T12:08:07","modified_gmt":"2026-08-10T12:08:07","slug":"eesti-kulutas-mullu-heitmekvootide-raha-ule-200-miljoni-euro-toetati-ka-1700-elektriauto-ostu","status":"publish","type":"post","link":"https:\/\/www.europesays.com\/ee\/248622\/","title":{"rendered":"Eesti kulutas mullu heitmekvootide raha \u00fcle 200 miljoni euro. Toetati ka 1700 elektriauto ostu"},"content":{"rendered":"<p>Eesti kliimapoliitika \u00fcks olulisemaid, ent avalikkusele tihti \u00e4hmaseks j\u00e4\u00e4vaid rahavooge on CO\u2082-kvootide m\u00fc\u00fcgitulu. V\u00e4rske Kliimaministeeriumi \u00fclevaade n\u00e4itab, et 2025. aastal paiskus see senisest hoogsamalt t\u00f6\u00f6le \u2013 raha liikus nii raudteetrassi kui teatrisaali, nii tuulepargi ettevalmistusse kui geotermaalenergia katsetustesse.<\/p>\n<p>Aga mida t\u00e4hendab selline kulutuste h\u00fcpe riigi rahakotile, millised projektid kvoodirahast p\u00e4riselt kasu saavad ning kui kindel on selle tulu j\u00e4tkumine? Ning kas kliimaeesm\u00e4rkide nimel v\u00f5etud kohustused v\u00f5ivad hakata pitsitama ka teisi eelarveridu?<\/p>\n","protected":false},"excerpt":{"rendered":"Eesti kliimapoliitika \u00fcks olulisemaid, ent avalikkusele tihti \u00e4hmaseks j\u00e4\u00e4vaid rahavooge on CO\u2082-kvootide m\u00fc\u00fcgitulu. V\u00e4rske Kliimaministeeriumi \u00fclevaade n\u00e4itab, et&hellip;\n","protected":false},"author":2,"featured_media":248623,"comment_status":"","ping_status":"","sticky":false,"template":"","format":"standard","meta":{"footnotes":"","_share_on_mastodon":"0"},"categories":[14],"tags":[131,130,59966,37,33,35,11969,34,36,97890,81921,3081,20343,97889,15882,97891,70,2596,1453,96101],"class_list":["post-248622","post","type-post","status-publish","format-standard","has-post-thumbnail","category-ari","tag-ari","tag-business","tag-co2-kvoodid","tag-ee","tag-eesti","tag-eesti-keel","tag-elektriautod","tag-estonia","tag-estonian","tag-geotermaalenergia","tag-hoonete-energiatohusus","tag-kliimaministeerium","tag-kliimamuutustega-kohanemine","tag-kvoodiraha","tag-looduskaitse","tag-rahvusvaheline-kliimakoostoo","tag-rail-baltica","tag-taastuvenergia","tag-tuulepargid","tag-vesinikutehnoloogiad"],"share_on_mastodon":{"url":"https:\/\/pubeurope.com\/@ee\/117071138090082696","error":""},"_links":{"self":[{"href":"https:\/\/www.europesays.com\/ee\/wp-json\/wp\/v2\/posts\/248622","targetHints":{"allow":["GET"]}}],"collection":[{"href":"https:\/\/www.europesays.com\/ee\/wp-json\/wp\/v2\/posts"}],"about":[{"href":"https:\/\/www.europesays.com\/ee\/wp-json\/wp\/v2\/types\/post"}],"author":[{"embeddable":true,"href":"https:\/\/www.europesays.com\/ee\/wp-json\/wp\/v2\/users\/2"}],"replies":[{"embeddable":true,"href":"https:\/\/www.europesays.com\/ee\/wp-json\/wp\/v2\/comments?post=248622"}],"version-history":[{"count":0,"href":"https:\/\/www.europesays.com\/ee\/wp-json\/wp\/v2\/posts\/248622\/revisions"}],"wp:featuredmedia":[{"embeddable":true,"href":"https:\/\/www.europesays.com\/ee\/wp-json\/wp\/v2\/media\/248623"}],"wp:attachment":[{"href":"https:\/\/www.europesays.com\/ee\/wp-json\/wp\/v2\/media?parent=248622"}],"wp:term":[{"taxonomy":"category","embeddable":true,"href":"https:\/\/www.europesays.com\/ee\/wp-json\/wp\/v2\/categories?post=248622"},{"taxonomy":"post_tag","embeddable":true,"href":"https:\/\/www.europesays.com\/ee\/wp-json\/wp\/v2\/tags?post=248622"}],"curies":[{"name":"wp","href":"https:\/\/api.w.org\/{rel}","templated":true}]}}