{"id":248626,"date":"2026-08-10T12:11:05","date_gmt":"2026-08-10T12:11:05","guid":{"rendered":"https:\/\/www.europesays.com\/ee\/248626\/"},"modified":"2026-08-10T12:11:05","modified_gmt":"2026-08-10T12:11:05","slug":"galerii-%e2%9f%a9-lihula-tahistas-815-aastapaeva-uhepaevakohvikute-huvituuride-ja-kontsertidega","status":"publish","type":"post","link":"https:\/\/www.europesays.com\/ee\/248626\/","title":{"rendered":"GALERII \u27e9 Lihula t\u00e4histas 815. aastap\u00e4eva \u00fchep\u00e4evakohvikute, huvituuride ja kontsertidega"},"content":{"rendered":"<p>\u00abAstuge ligi, meil on k\u00f5ik k\u00f5ige parem!\u00bb ergutas Lihula g\u00fcmnaasiumi direktor Rasmus Lippur neid, kes k\u00f5hklesid, kas minna tuliuue koolimaja varjualusesse \u00fcles seatud Kukekooli kohvikusse. Nimi tulenes Lippuri selgitusel Lihula kooli embleemi kukest. Men\u00fc\u00fcs seisid kukesupp, tibupannkoogid, kukeseened ja muu suup\u00e4rane, mille olid valmistanud kohalikud \u00f5petajad. \u00abMeil on k\u00f5ik kukev\u00e4rk,\u00bb t\u00e4hendas direktor.<\/p>\n","protected":false},"excerpt":{"rendered":"\u00abAstuge ligi, meil on k\u00f5ik k\u00f5ige parem!\u00bb ergutas Lihula g\u00fcmnaasiumi direktor Rasmus Lippur neid, kes k\u00f5hklesid, kas minna&hellip;\n","protected":false},"author":2,"featured_media":248627,"comment_status":"","ping_status":"","sticky":false,"template":"","format":"standard","meta":{"footnotes":"","_share_on_mastodon":"0"},"categories":[12],"tags":[346,345,342,26,27,37,33,35,34,36,31,32,21,344,360,343,339,28,29,349,19,341,354,357,351,352,355,356,348,336,350,337,353,25,159,338,340,347,23,24,358,22,359,20,30],"class_list":["post-248626","post","type-post","status-publish","format-standard","has-post-thumbnail","category-eesti","tag-ajakirjaniku-kontakt","tag-ajalehe-tellimine","tag-arhiiv","tag-breaking-news","tag-breakingnews","tag-ee","tag-eesti","tag-eesti-keel","tag-estonia","tag-estonian","tag-featured-news","tag-featurednews","tag-headlines","tag-kaastundeavaldus","tag-kesklinna-sild","tag-kuulutuse-lisamine","tag-kuulutused","tag-latest-news","tag-latestnews","tag-liiklusonnetus","tag-news","tag-paberleht","tag-parnu-haigla","tag-parnu-jahtklubi","tag-parnu-linn","tag-parnu-maakohus","tag-parnu-rand","tag-parnu-sadam","tag-parnu-uritused","tag-parnu-uudised","tag-parnumaa","tag-parnumaa-uudised","tag-politsei","tag-populaarseimad-lood","tag-sport","tag-suvepealinn","tag-tellimine","tag-toimetuse-kontakt","tag-top-stories","tag-topstories","tag-tulekahju","tag-uldised-uudised","tag-urituste-kava","tag-uudised","tag-viimased-uudised"],"share_on_mastodon":{"url":"","error":"Validation failed: Text character limit of 500 exceeded"},"_links":{"self":[{"href":"https:\/\/www.europesays.com\/ee\/wp-json\/wp\/v2\/posts\/248626","targetHints":{"allow":["GET"]}}],"collection":[{"href":"https:\/\/www.europesays.com\/ee\/wp-json\/wp\/v2\/posts"}],"about":[{"href":"https:\/\/www.europesays.com\/ee\/wp-json\/wp\/v2\/types\/post"}],"author":[{"embeddable":true,"href":"https:\/\/www.europesays.com\/ee\/wp-json\/wp\/v2\/users\/2"}],"replies":[{"embeddable":true,"href":"https:\/\/www.europesays.com\/ee\/wp-json\/wp\/v2\/comments?post=248626"}],"version-history":[{"count":0,"href":"https:\/\/www.europesays.com\/ee\/wp-json\/wp\/v2\/posts\/248626\/revisions"}],"wp:featuredmedia":[{"embeddable":true,"href":"https:\/\/www.europesays.com\/ee\/wp-json\/wp\/v2\/media\/248627"}],"wp:attachment":[{"href":"https:\/\/www.europesays.com\/ee\/wp-json\/wp\/v2\/media?parent=248626"}],"wp:term":[{"taxonomy":"category","embeddable":true,"href":"https:\/\/www.europesays.com\/ee\/wp-json\/wp\/v2\/categories?post=248626"},{"taxonomy":"post_tag","embeddable":true,"href":"https:\/\/www.europesays.com\/ee\/wp-json\/wp\/v2\/tags?post=248626"}],"curies":[{"name":"wp","href":"https:\/\/api.w.org\/{rel}","templated":true}]}}